{"id":25943,"date":"2018-11-23T17:54:43","date_gmt":"2018-11-23T17:54:43","guid":{"rendered":"http:\/\/www.apub.org.br\/?p=25943"},"modified":"2018-11-23T20:09:44","modified_gmt":"2018-11-23T20:09:44","slug":"eleicoes-apub-debate-entre-as-chapas-sera-dia-29-de-novembro","status":"publish","type":"post","link":"https:\/\/apub.org.br\/siteantigo\/eleicoes-apub-debate-entre-as-chapas-sera-dia-29-de-novembro\/","title":{"rendered":"Elei\u00e7\u00f5es Apub: debate entre as Chapas ser\u00e1 dia 29 de novembro"},"content":{"rendered":"\n<p>A Apub Sindicato convida todos e todas para o debate entre as Chapas que concorrem \u00e0 nova Diretoria, Conselho Fiscal e Conselho de Representantes para o bi\u00eanio 2018-2020. O debate acontece no dia 29 de novembro, \u00e0s 17h, no audit\u00f3rio do Instituto de Biologia da UFBA (campus de Ondina).&nbsp;<\/p>\n\n\n\n<p>Trata-se de uma importante ocasi\u00e3o para conhecer melhor as propostas das Chapas e tirar d\u00favidas. N\u00e3o deixe de comparecer!\u00a0<\/p>\n\n\n\n<p>A vota\u00e7\u00e3o acontece nos dias 04 e 05 de dezembro.\u00a0<\/p>\n\n\n\n<p><\/p>\n","protected":false},"excerpt":{"rendered":"<p>A Apub Sindicato convida todos e todas para o debate entre as Chapas que concorrem \u00e0 nova Diretoria, Conselho Fiscal e Conselho de Representantes para o bi\u00eanio 2018-2020. O debate acontece no dia 29 de novembro, \u00e0s 17h, no audit\u00f3rio do Instituto de Biologia da UFBA (campus de Ondina).&nbsp; Trata-se de uma importante ocasi\u00e3o para [&hellip;]<\/p>\n","protected":false},"author":2,"featured_media":25944,"comment_status":"closed","ping_status":"closed","sticky":false,"template":"","format":"standard","meta":{"footnotes":""},"categories":[530,146],"tags":[],"class_list":["post-25943","post","type-post","status-publish","format-standard","has-post-thumbnail","hentry","category-destaques-1","category-latest-news"],"_links":{"self":[{"href":"https:\/\/apub.org.br\/siteantigo\/wp-json\/wp\/v2\/posts\/25943","targetHints":{"allow":["GET"]}}],"collection":[{"href":"https:\/\/apub.org.br\/siteantigo\/wp-json\/wp\/v2\/posts"}],"about":[{"href":"https:\/\/apub.org.br\/siteantigo\/wp-json\/wp\/v2\/types\/post"}],"author":[{"embeddable":true,"href":"https:\/\/apub.org.br\/siteantigo\/wp-json\/wp\/v2\/users\/2"}],"replies":[{"embeddable":true,"href":"https:\/\/apub.org.br\/siteantigo\/wp-json\/wp\/v2\/comments?post=25943"}],"version-history":[{"count":0,"href":"https:\/\/apub.org.br\/siteantigo\/wp-json\/wp\/v2\/posts\/25943\/revisions"}],"wp:featuredmedia":[{"embeddable":true,"href":"https:\/\/apub.org.br\/siteantigo\/wp-json\/wp\/v2\/media\/25944"}],"wp:attachment":[{"href":"https:\/\/apub.org.br\/siteantigo\/wp-json\/wp\/v2\/media?parent=25943"}],"wp:term":[{"taxonomy":"category","embeddable":true,"href":"https:\/\/apub.org.br\/siteantigo\/wp-json\/wp\/v2\/categories?post=25943"},{"taxonomy":"post_tag","embeddable":true,"href":"https:\/\/apub.org.br\/siteantigo\/wp-json\/wp\/v2\/tags?post=25943"}],"curies":[{"name":"wp","href":"https:\/\/api.w.org\/{rel}","templated":true}]}}