{"id":25958,"date":"2018-11-26T16:00:03","date_gmt":"2018-11-26T16:00:03","guid":{"rendered":"http:\/\/www.apub.org.br\/?p=25958"},"modified":"2018-11-26T16:00:05","modified_gmt":"2018-11-26T16:00:05","slug":"garantia-de-direitos-e-vivencia-sindical-em-destaque-no-4o-encontro-nacional-de-assuntos-de-aposentadoria","status":"publish","type":"post","link":"https:\/\/apub.org.br\/siteantigo\/garantia-de-direitos-e-vivencia-sindical-em-destaque-no-4o-encontro-nacional-de-assuntos-de-aposentadoria\/","title":{"rendered":"Garantia de direitos e viv\u00eancia sindical em destaque no 4\u00ba Encontro Nacional de Assuntos de Aposentadoria"},"content":{"rendered":"\n<figure><iframe allowfullscreen=\"true\" height=\"515\" src=\"https:\/\/www.youtube.com\/embed\/xOmLWY22ZEE?wmode=transparent&amp;jqoemcache=cVRql\" width=\"760\"><\/iframe><\/figure>\n\n\n\n<p>Um intenso debate sobre amea\u00e7as de retirada de direitos, troca de experi\u00eancias e viv\u00eancias sindicais deram a t\u00f4nica do segundo dia do 4\u00ba Encontro Nacional sobre Assuntos de Aposentadoria do PROIFES-Federa\u00e7\u00e3o, encerrado nesta sexta-feira, 23, em Fortaleza (CE).<\/p>\n\n\n\n<figure class=\"wp-block-image\"><img decoding=\"async\" src=\"https:\/\/www.proifes.org.br\/dados\/editor\/image\/WhatsApp_Image_2018_11_24_at_12.35.27.jpeg\" alt=\"\"\/><\/figure>\n\n\n\n<p>Na parte da manh\u00e3, importantes discuss\u00f5es com as assessorias jur\u00eddicas de sindicatos federados trataram de temas sens\u00edveis ao universo dos docentes aposentados das Institui\u00e7\u00f5es Federais de Ensino, dentre eles os direitos adquiridos constantes nos Artigos 192 e 184 da Lei 8.112\/1990, a\u00e7\u00f5es referentes ao Reconhecimento de Saberes e Compet\u00eancias (RSC), e quest\u00f5es sobre contribui\u00e7\u00e3o previdenci\u00e1ria de inativos.<\/p>\n\n\n\n<figure class=\"wp-block-image\"><img decoding=\"async\" src=\"https:\/\/www.proifes.org.br\/dados\/editor\/image\/WhatsApp_Image_2018_11_24_at_12.43.09.jpeg\" alt=\"\"\/><\/figure>\n\n\n\n<p>A mesa da manh\u00e3, coordenada pela vice-presidenta do PROIFES-Federa\u00e7\u00e3o, Luciene Fernandes (APUB-Sindicato), contou com as presen\u00e7as dos advogados Andrea Munemassa, Scipi\u00e3o Costa, Emerson S\u00e1tiro e Inoc\u00eancio Uchoa. Um dos temas recorrentes do debate foram as aplica\u00e7\u00f5es dos artigos 192 e 184 da Lei 8.112\/1990, conforme explica Scipi\u00e3o Costa, do corpo jur\u00eddico do ADUFC-Sindicato:<\/p>\n\n\n\n<figure><iframe allowfullscreen=\"true\" height=\"515\" src=\"https:\/\/www.youtube.com\/embed\/kh9Yezgf0Yg?wmode=transparent&amp;jqoemcache=rkR8a\" width=\"760\"><\/iframe><\/figure>\n\n\n\n<p>J\u00e1 a advogada do ADURN-Sindicato, Andrea Munemassa, destacou mais pontos do artigo 192:<\/p>\n\n\n\n<figure><iframe allowfullscreen=\"true\" height=\"515\" src=\"https:\/\/www.youtube.com\/embed\/sgJz2dwQCHE?wmode=transparent&amp;jqoemcache=mvQ4K\" width=\"760\"><\/iframe><\/figure>\n\n\n\n<p>Emerson S\u00e1tiro, tamb\u00e9m advogado do ADUFC-Sindicato, ressaltou quest\u00f5es relativas ao Reconhecimento de Saberes e Compet\u00eancias:<\/p>\n\n\n\n<figure><iframe allowfullscreen=\"true\" height=\"515\" src=\"https:\/\/www.youtube.com\/embed\/sntoWkapOzE?wmode=transparent&amp;jqoemcache=Ko5ho\" width=\"760\"><\/iframe><\/figure>\n\n\n\n<p>Na programa\u00e7\u00e3o da tarde, o presidente do Movimento Nacional dos Servidores P\u00fablicos Aposentados e Pensionistas (MOSAP), Edison Guilherme Haubert, apresentou as a\u00e7\u00f5es da entidade e falou&nbsp; sobre articula\u00e7\u00f5es no Congresso Nacional para barrar a perda de direitos:<\/p>\n\n\n\n<figure><iframe allowfullscreen=\"true\" height=\"515\" src=\"https:\/\/www.youtube.com\/embed\/G-YBqKgvRlw?wmode=transparent&amp;jqoemcache=KG72b\" width=\"760\"><\/iframe><\/figure>\n\n\n\n<p>Na sequ\u00eancia, docentes de diferentes sindicatos apresentaram suas viv\u00eancias e compartilharam experi\u00eancias sindicais de atividades e n\u00facleos.<\/p>\n\n\n\n<figure class=\"wp-block-image\"><img decoding=\"async\" src=\"https:\/\/www.proifes.org.br\/dados\/editor\/image\/WhatsApp_Image_2018_11_24_at_12.34.25.jpeg\" alt=\"\"\/><\/figure>\n\n\n\n<p>Encerrando a programa\u00e7\u00e3o oficial do evento, um workshop com a professora D\u00f3ris Pe\u00e7anha, sobre sa\u00fade e equil\u00edbrio.<\/p>\n","protected":false},"excerpt":{"rendered":"<p>Um intenso debate sobre amea\u00e7as de retirada de direitos, troca de experi\u00eancias e viv\u00eancias sindicais deram a t\u00f4nica do segundo dia do 4\u00ba Encontro Nacional sobre Assuntos de Aposentadoria do PROIFES-Federa\u00e7\u00e3o, encerrado nesta sexta-feira, 23, em Fortaleza (CE). Na parte da manh\u00e3, importantes discuss\u00f5es com as assessorias jur\u00eddicas de sindicatos federados trataram de temas sens\u00edveis [&hellip;]<\/p>\n","protected":false},"author":2,"featured_media":25959,"comment_status":"closed","ping_status":"closed","sticky":false,"template":"","format":"standard","meta":{"footnotes":""},"categories":[530,146],"tags":[],"class_list":["post-25958","post","type-post","status-publish","format-standard","has-post-thumbnail","hentry","category-destaques-1","category-latest-news"],"_links":{"self":[{"href":"https:\/\/apub.org.br\/siteantigo\/wp-json\/wp\/v2\/posts\/25958","targetHints":{"allow":["GET"]}}],"collection":[{"href":"https:\/\/apub.org.br\/siteantigo\/wp-json\/wp\/v2\/posts"}],"about":[{"href":"https:\/\/apub.org.br\/siteantigo\/wp-json\/wp\/v2\/types\/post"}],"author":[{"embeddable":true,"href":"https:\/\/apub.org.br\/siteantigo\/wp-json\/wp\/v2\/users\/2"}],"replies":[{"embeddable":true,"href":"https:\/\/apub.org.br\/siteantigo\/wp-json\/wp\/v2\/comments?post=25958"}],"version-history":[{"count":0,"href":"https:\/\/apub.org.br\/siteantigo\/wp-json\/wp\/v2\/posts\/25958\/revisions"}],"wp:featuredmedia":[{"embeddable":true,"href":"https:\/\/apub.org.br\/siteantigo\/wp-json\/wp\/v2\/media\/25959"}],"wp:attachment":[{"href":"https:\/\/apub.org.br\/siteantigo\/wp-json\/wp\/v2\/media?parent=25958"}],"wp:term":[{"taxonomy":"category","embeddable":true,"href":"https:\/\/apub.org.br\/siteantigo\/wp-json\/wp\/v2\/categories?post=25958"},{"taxonomy":"post_tag","embeddable":true,"href":"https:\/\/apub.org.br\/siteantigo\/wp-json\/wp\/v2\/tags?post=25958"}],"curies":[{"name":"wp","href":"https:\/\/api.w.org\/{rel}","templated":true}]}}