{"id":25961,"date":"2018-11-26T20:13:22","date_gmt":"2018-11-26T20:13:22","guid":{"rendered":"http:\/\/www.apub.org.br\/?p=25961"},"modified":"2018-11-26T20:13:26","modified_gmt":"2018-11-26T20:13:26","slug":"cartilha-direito-dos-docentes-proifes-federacao","status":"publish","type":"post","link":"https:\/\/apub.org.br\/siteantigo\/cartilha-direito-dos-docentes-proifes-federacao\/","title":{"rendered":"Cartilha: Direito dos Docentes \u2013 PROIFES-Federa\u00e7\u00e3o"},"content":{"rendered":"\n<p>O PROIFES-Federa\u00e7\u00e3o lan\u00e7ou uma cartilha para informar aos docentes das Institui\u00e7\u00f5es Federais de Ensino do Brasil um resumo dos seus direitos e breves orienta\u00e7\u00f5es do que fazer caso sejam v\u00edtimas de ass\u00e9dio, invas\u00e3o de sala de aula, grava\u00e7\u00e3o e exposi\u00e7\u00e3o indevida de v\u00eddeos, ofensas, amea\u00e7as e viol\u00eancias.<\/p>\n\n\n\n<p>O docente tem o direito constitucional de liberdade de ensinar, que consiste em n\u00e3o sujei\u00e7\u00e3o a censura em respeito aos princ\u00edpios da liberdade de aprender, ensinar, pesquisar e divulgar o pensamento, a arte e o saber e o pluralismo de ideias e de concep\u00e7\u00f5es pedag\u00f3gicas (arts. 205 e 206 da Constitui\u00e7\u00e3o Federal).<\/p>\n\n\n\n<p><a href=\"http:\/\/www.proifes.org.br\/site\/download.php?p=conteudos&amp;f=0102878.pdf&amp;s=cartilha-direito-dos-docentes\">Acesse AQUI a cartiha completa do PROIFES:<\/a><\/p>\n","protected":false},"excerpt":{"rendered":"<p>O PROIFES-Federa\u00e7\u00e3o lan\u00e7ou uma cartilha para informar aos docentes das Institui\u00e7\u00f5es Federais de Ensino do Brasil um resumo dos seus direitos e breves orienta\u00e7\u00f5es do que fazer caso sejam v\u00edtimas de ass\u00e9dio, invas\u00e3o de sala de aula, grava\u00e7\u00e3o e exposi\u00e7\u00e3o indevida de v\u00eddeos, ofensas, amea\u00e7as e viol\u00eancias. O docente tem o direito constitucional de liberdade [&hellip;]<\/p>\n","protected":false},"author":2,"featured_media":25962,"comment_status":"closed","ping_status":"closed","sticky":false,"template":"","format":"standard","meta":{"footnotes":""},"categories":[530,142,146],"tags":[],"class_list":["post-25961","post","type-post","status-publish","format-standard","has-post-thumbnail","hentry","category-destaques-1","category-proifes-2","category-latest-news"],"_links":{"self":[{"href":"https:\/\/apub.org.br\/siteantigo\/wp-json\/wp\/v2\/posts\/25961","targetHints":{"allow":["GET"]}}],"collection":[{"href":"https:\/\/apub.org.br\/siteantigo\/wp-json\/wp\/v2\/posts"}],"about":[{"href":"https:\/\/apub.org.br\/siteantigo\/wp-json\/wp\/v2\/types\/post"}],"author":[{"embeddable":true,"href":"https:\/\/apub.org.br\/siteantigo\/wp-json\/wp\/v2\/users\/2"}],"replies":[{"embeddable":true,"href":"https:\/\/apub.org.br\/siteantigo\/wp-json\/wp\/v2\/comments?post=25961"}],"version-history":[{"count":0,"href":"https:\/\/apub.org.br\/siteantigo\/wp-json\/wp\/v2\/posts\/25961\/revisions"}],"wp:featuredmedia":[{"embeddable":true,"href":"https:\/\/apub.org.br\/siteantigo\/wp-json\/wp\/v2\/media\/25962"}],"wp:attachment":[{"href":"https:\/\/apub.org.br\/siteantigo\/wp-json\/wp\/v2\/media?parent=25961"}],"wp:term":[{"taxonomy":"category","embeddable":true,"href":"https:\/\/apub.org.br\/siteantigo\/wp-json\/wp\/v2\/categories?post=25961"},{"taxonomy":"post_tag","embeddable":true,"href":"https:\/\/apub.org.br\/siteantigo\/wp-json\/wp\/v2\/tags?post=25961"}],"curies":[{"name":"wp","href":"https:\/\/api.w.org\/{rel}","templated":true}]}}