{"id":25964,"date":"2018-11-26T20:14:54","date_gmt":"2018-11-26T20:14:54","guid":{"rendered":"http:\/\/www.apub.org.br\/?p=25964"},"modified":"2018-11-26T20:14:56","modified_gmt":"2018-11-26T20:14:56","slug":"seminario-10-anos-do-ebtt-confira-a-programacao-do-evento","status":"publish","type":"post","link":"https:\/\/apub.org.br\/siteantigo\/seminario-10-anos-do-ebtt-confira-a-programacao-do-evento\/","title":{"rendered":"Semin\u00e1rio 10 Anos do EBTT &#8211; Confira a programa\u00e7\u00e3o do evento"},"content":{"rendered":"\n<p>Nos dias 7 e 8 de dezembro o SINDIEDUTEC-Sindicato recebe o Semin\u00e1rio Nacional do PROIFES-Federa\u00e7\u00e3o &#8211; 10 anos do EBTT, a carreira do Ensino B\u00e1sico T\u00e9cnico e Tecnol\u00f3gico. Na imagem, voc\u00ea confere a programa\u00e7\u00e3o do evento.<\/p>\n\n\n\n<p>Compare\u00e7a!<\/p>\n\n\n\n<p><em>Fonte: PROIFES-Federa\u00e7\u00e3o<\/em><\/p>\n","protected":false},"excerpt":{"rendered":"<p>Nos dias 7 e 8 de dezembro o SINDIEDUTEC-Sindicato recebe o Semin\u00e1rio Nacional do PROIFES-Federa\u00e7\u00e3o &#8211; 10 anos do EBTT, a carreira do Ensino B\u00e1sico T\u00e9cnico e Tecnol\u00f3gico. Na imagem, voc\u00ea confere a programa\u00e7\u00e3o do evento. Compare\u00e7a! Fonte: PROIFES-Federa\u00e7\u00e3o<\/p>\n","protected":false},"author":2,"featured_media":25965,"comment_status":"closed","ping_status":"closed","sticky":false,"template":"","format":"standard","meta":{"footnotes":""},"categories":[142,146],"tags":[],"class_list":["post-25964","post","type-post","status-publish","format-standard","has-post-thumbnail","hentry","category-proifes-2","category-latest-news"],"_links":{"self":[{"href":"https:\/\/apub.org.br\/siteantigo\/wp-json\/wp\/v2\/posts\/25964","targetHints":{"allow":["GET"]}}],"collection":[{"href":"https:\/\/apub.org.br\/siteantigo\/wp-json\/wp\/v2\/posts"}],"about":[{"href":"https:\/\/apub.org.br\/siteantigo\/wp-json\/wp\/v2\/types\/post"}],"author":[{"embeddable":true,"href":"https:\/\/apub.org.br\/siteantigo\/wp-json\/wp\/v2\/users\/2"}],"replies":[{"embeddable":true,"href":"https:\/\/apub.org.br\/siteantigo\/wp-json\/wp\/v2\/comments?post=25964"}],"version-history":[{"count":0,"href":"https:\/\/apub.org.br\/siteantigo\/wp-json\/wp\/v2\/posts\/25964\/revisions"}],"wp:featuredmedia":[{"embeddable":true,"href":"https:\/\/apub.org.br\/siteantigo\/wp-json\/wp\/v2\/media\/25965"}],"wp:attachment":[{"href":"https:\/\/apub.org.br\/siteantigo\/wp-json\/wp\/v2\/media?parent=25964"}],"wp:term":[{"taxonomy":"category","embeddable":true,"href":"https:\/\/apub.org.br\/siteantigo\/wp-json\/wp\/v2\/categories?post=25964"},{"taxonomy":"post_tag","embeddable":true,"href":"https:\/\/apub.org.br\/siteantigo\/wp-json\/wp\/v2\/tags?post=25964"}],"curies":[{"name":"wp","href":"https:\/\/api.w.org\/{rel}","templated":true}]}}