{"id":25967,"date":"2018-11-26T20:16:00","date_gmt":"2018-11-26T20:16:00","guid":{"rendered":"http:\/\/www.apub.org.br\/?p=25967"},"modified":"2018-11-26T20:16:01","modified_gmt":"2018-11-26T20:16:01","slug":"fnpe-realiza-plenaria-nacional-nos-dias-29-e-30-de-novembro","status":"publish","type":"post","link":"https:\/\/apub.org.br\/siteantigo\/fnpe-realiza-plenaria-nacional-nos-dias-29-e-30-de-novembro\/","title":{"rendered":"FNPE realiza Plen\u00e1ria Nacional nos dias 29 e 30 de novembro"},"content":{"rendered":"\n<p><strong>Data<\/strong>: Dias 29 e 30 de novembro de 2018<\/p>\n\n\n\n<p><strong>Local<\/strong>: Audit\u00f3rio da CNTE, SDS Conic Ed. Ven\u00e2ncio V, 2\u00baAndar, Bras\u00edlia \u2013 DF<\/p>\n\n\n\n<p>A participa\u00e7\u00e3o de todos\/as \u00e9 fundamental.<\/p>\n\n\n\n<p>Atenciosamente,<\/p>\n\n\n\n<p>Coordena\u00e7\u00e3o Executiva do FNPE<\/p>\n\n\n\n<p><em>Fonte: FNPE<\/em><\/p>\n","protected":false},"excerpt":{"rendered":"<p>Data: Dias 29 e 30 de novembro de 2018 Local: Audit\u00f3rio da CNTE, SDS Conic Ed. Ven\u00e2ncio V, 2\u00baAndar, Bras\u00edlia \u2013 DF A participa\u00e7\u00e3o de todos\/as \u00e9 fundamental. Atenciosamente, Coordena\u00e7\u00e3o Executiva do FNPE Fonte: FNPE<\/p>\n","protected":false},"author":2,"featured_media":25968,"comment_status":"closed","ping_status":"closed","sticky":false,"template":"","format":"standard","meta":{"footnotes":""},"categories":[530,142,146],"tags":[],"class_list":["post-25967","post","type-post","status-publish","format-standard","has-post-thumbnail","hentry","category-destaques-1","category-proifes-2","category-latest-news"],"_links":{"self":[{"href":"https:\/\/apub.org.br\/siteantigo\/wp-json\/wp\/v2\/posts\/25967","targetHints":{"allow":["GET"]}}],"collection":[{"href":"https:\/\/apub.org.br\/siteantigo\/wp-json\/wp\/v2\/posts"}],"about":[{"href":"https:\/\/apub.org.br\/siteantigo\/wp-json\/wp\/v2\/types\/post"}],"author":[{"embeddable":true,"href":"https:\/\/apub.org.br\/siteantigo\/wp-json\/wp\/v2\/users\/2"}],"replies":[{"embeddable":true,"href":"https:\/\/apub.org.br\/siteantigo\/wp-json\/wp\/v2\/comments?post=25967"}],"version-history":[{"count":0,"href":"https:\/\/apub.org.br\/siteantigo\/wp-json\/wp\/v2\/posts\/25967\/revisions"}],"wp:featuredmedia":[{"embeddable":true,"href":"https:\/\/apub.org.br\/siteantigo\/wp-json\/wp\/v2\/media\/25968"}],"wp:attachment":[{"href":"https:\/\/apub.org.br\/siteantigo\/wp-json\/wp\/v2\/media?parent=25967"}],"wp:term":[{"taxonomy":"category","embeddable":true,"href":"https:\/\/apub.org.br\/siteantigo\/wp-json\/wp\/v2\/categories?post=25967"},{"taxonomy":"post_tag","embeddable":true,"href":"https:\/\/apub.org.br\/siteantigo\/wp-json\/wp\/v2\/tags?post=25967"}],"curies":[{"name":"wp","href":"https:\/\/api.w.org\/{rel}","templated":true}]}}