{"id":25977,"date":"2018-11-27T20:49:32","date_gmt":"2018-11-27T20:49:32","guid":{"rendered":"http:\/\/www.apub.org.br\/?p=25977"},"modified":"2018-11-27T20:49:34","modified_gmt":"2018-11-27T20:49:34","slug":"proifes-federacao-pede-rejeicao-de-mp-que-adia-reajuste-dos-servidores-em-carta-a-lewandowski","status":"publish","type":"post","link":"https:\/\/apub.org.br\/siteantigo\/proifes-federacao-pede-rejeicao-de-mp-que-adia-reajuste-dos-servidores-em-carta-a-lewandowski\/","title":{"rendered":"PROIFES-Federa\u00e7\u00e3o pede rejei\u00e7\u00e3o de MP que adia reajuste dos servidores em carta a Lewandowski"},"content":{"rendered":"\n<p>Em carta protocolada nesta ter\u00e7a-feira, 27, no Supremo Tribunal Federal (STF), o PROIFES-Federa\u00e7\u00e3o pede ao ministro Ricardo Lewandowski, relator da A\u00e7\u00e3o Direta de Inconstitucionalidade (ADI) 6004, ajuizada contra a Medida Provis\u00f3ria (MP) 849\/2018, a suspens\u00e3o imediada da MP, que visa adiar para 2020 os efeitos financeiros dos acordos firmados pelas entidades representativas dos servidores p\u00fablicos federais com o Governo Federal em 2015.<\/p>\n\n\n\n<p>Na carta, o PROIFES reitera o pedido feito na ADI, juntamente com outras entidades, destacando os preju\u00edzos salariais aos quais os servidores p\u00fablicos federais ser\u00e3o submetidos, caso aprovada a MP, em especial os professores, para os quais est\u00e1 previsto n\u00e3o um reajuste, mas uma parcela de reestrutura\u00e7\u00e3o da carreira, conforme cita o documento:<\/p>\n\n\n\n<p>\u201cNo caso dos professores federais por n\u00f3s representados, n\u00e3o se trata de reajuste, mas de reestrutura\u00e7\u00f5es das carreiras. Estamos falando de acordos firmados pelo Governo com as entidades sindicais e que foram transformados em Lei, ap\u00f3s san\u00e7\u00e3o do Presidente Michel Temer, como foi o caso da Lei 13.325\/2016. Portanto, transformaram-se em despesa obrigat\u00f3ria. Sua suspens\u00e3o de forma unilateral, pela MP 849 assinada pelo mesmo Presidente Michel Temer, se configura em claro desrespeito \u00e0 negocia\u00e7\u00e3o coletiva com os servidores p\u00fablicos, garantida pela Conven\u00e7\u00e3o 151 da OIT, ratificada pelo Estado brasileiro, o que configura uma pr\u00e1tica anti-sindical, que n\u00e3o se coaduna com os melhores princ\u00edpios da Democracia e da Rep\u00fablica, como prev\u00ea nossa Carta Magna(&#8230;)\u201d<\/p>\n\n\n\n<p>O PROIFES ressalta, ainda, na Carta, que o ministro relator da ADI 6004 \u201csaber\u00e1 compreender e sensibilizar-se diante da grave crise que poder\u00e1 ocorrer na vida dos servidores p\u00fablicos federais do Poder Executivo, caso o Governo n\u00e3o cumpra os acordos firmados.\u201d<\/p>\n\n\n\n<p><a href=\"http:\/\/www.apub.org.br\/wp-content\/uploads\/2018\/11\/proifes-federacao-pede-rejeicao-de-mp-que-adia-reajuste-dos-servidores-em-carta-a-lewandowski.pdf\" target=\"_blank\" rel=\"noreferrer noopener\" aria-label=\"Confira aqui o documento na \u00edntegra. (opens in a new tab)\">Confira aqui o documento na \u00edntegra<\/a>.<\/p>\n\n\n\n<p><em>Fonte: PROIFES-Federa\u00e7\u00e3o<\/em><\/p>\n\n\n\n<p><\/p>\n","protected":false},"excerpt":{"rendered":"<p>Em carta protocolada nesta ter\u00e7a-feira, 27, no Supremo Tribunal Federal (STF), o PROIFES-Federa\u00e7\u00e3o pede ao ministro Ricardo Lewandowski, relator da A\u00e7\u00e3o Direta de Inconstitucionalidade (ADI) 6004, ajuizada contra a Medida Provis\u00f3ria (MP) 849\/2018, a suspens\u00e3o imediada da MP, que visa adiar para 2020 os efeitos financeiros dos acordos firmados pelas entidades representativas dos servidores p\u00fablicos [&hellip;]<\/p>\n","protected":false},"author":2,"featured_media":24797,"comment_status":"closed","ping_status":"closed","sticky":false,"template":"","format":"standard","meta":{"footnotes":""},"categories":[142,146],"tags":[],"class_list":["post-25977","post","type-post","status-publish","format-standard","has-post-thumbnail","hentry","category-proifes-2","category-latest-news"],"_links":{"self":[{"href":"https:\/\/apub.org.br\/siteantigo\/wp-json\/wp\/v2\/posts\/25977","targetHints":{"allow":["GET"]}}],"collection":[{"href":"https:\/\/apub.org.br\/siteantigo\/wp-json\/wp\/v2\/posts"}],"about":[{"href":"https:\/\/apub.org.br\/siteantigo\/wp-json\/wp\/v2\/types\/post"}],"author":[{"embeddable":true,"href":"https:\/\/apub.org.br\/siteantigo\/wp-json\/wp\/v2\/users\/2"}],"replies":[{"embeddable":true,"href":"https:\/\/apub.org.br\/siteantigo\/wp-json\/wp\/v2\/comments?post=25977"}],"version-history":[{"count":0,"href":"https:\/\/apub.org.br\/siteantigo\/wp-json\/wp\/v2\/posts\/25977\/revisions"}],"wp:featuredmedia":[{"embeddable":true,"href":"https:\/\/apub.org.br\/siteantigo\/wp-json\/wp\/v2\/media\/24797"}],"wp:attachment":[{"href":"https:\/\/apub.org.br\/siteantigo\/wp-json\/wp\/v2\/media?parent=25977"}],"wp:term":[{"taxonomy":"category","embeddable":true,"href":"https:\/\/apub.org.br\/siteantigo\/wp-json\/wp\/v2\/categories?post=25977"},{"taxonomy":"post_tag","embeddable":true,"href":"https:\/\/apub.org.br\/siteantigo\/wp-json\/wp\/v2\/tags?post=25977"}],"curies":[{"name":"wp","href":"https:\/\/api.w.org\/{rel}","templated":true}]}}