{"id":26183,"date":"2018-12-21T18:07:14","date_gmt":"2018-12-21T18:07:14","guid":{"rendered":"http:\/\/www.apub.org.br\/?p=26183"},"modified":"2018-12-21T19:23:42","modified_gmt":"2018-12-21T19:23:42","slug":"tomou-posse-a-nova-diretoria-conselho-fiscal-e-de-representantes-da-apub-sindicato","status":"publish","type":"post","link":"https:\/\/apub.org.br\/siteantigo\/tomou-posse-a-nova-diretoria-conselho-fiscal-e-de-representantes-da-apub-sindicato\/","title":{"rendered":"Nova Diretoria, Conselho Fiscal e de representantes da Apub Sindicato tomaram posse hoje (21)"},"content":{"rendered":"\n<p>Na manh\u00e3 de hoje, 21 de dezembro, foi empossada a nova Diretoria da Apub Sindicato, juntamente ao Conselho Fiscal e Conselho de Representantes, para o bi\u00eanio 2018-2020.<\/p>\n\n\n\n<p>A condu\u00e7\u00e3o da cerim\u00f4nia de posse ficou por conta do professor Ricardo Carvalho, at\u00e9 ent\u00e3o vice-presidente do sindicato e agora, membro do Conselho Fiscal. Ele iniciou fazendo uma breve an\u00e1lise sobre a conjuntura enfrentada pela \u00faltima diretoria, apontando quest\u00f5es que tiveram grande impacto para o movimento docente, como os cortes de verbas para educa\u00e7\u00e3o e os ataques \u00e0 liberdade de c\u00e1tedra e \u00e0 Universidade como um todo.<\/p>\n\n\n\n<figure class=\"wp-block-image\"><img fetchpriority=\"high\" decoding=\"async\" width=\"900\" height=\"600\" src=\"http:\/\/www.apub.org.br\/wp-content\/uploads\/2018\/12\/IMG_9881.jpg\" alt=\"\" class=\"wp-image-26191\" srcset=\"https:\/\/apub.org.br\/siteantigo\/wp-content\/uploads\/2018\/12\/IMG_9881.jpg 900w, https:\/\/apub.org.br\/siteantigo\/wp-content\/uploads\/2018\/12\/IMG_9881-300x200.jpg 300w, https:\/\/apub.org.br\/siteantigo\/wp-content\/uploads\/2018\/12\/IMG_9881-768x512.jpg 768w\" sizes=\"(max-width: 900px) 100vw, 900px\" \/><\/figure>\n\n\n\n<p>A mesa de abertura foi composta tamb\u00e9m pelo professor Nilton Brand\u00e3o, presidente do PROIFES-Federa\u00e7\u00e3o, que falou sobre a import\u00e2ncia da Apub para o movimento nacional e a grande contribui\u00e7\u00e3o no debate sobre direitos humanos, ressaltando como um grande feito da diretoria passada. Ainda, o vice-reitor da UFBA Paulo Cesar Miguez saudou as\/os novos diretores\/as, destacando o papel que as entidades representativas cumprem na luta pela universidade p\u00fablica e de qualidade; a ex-diretora da Apub Leopoldina Menezes,&nbsp;o diretor da ASSUFBA, Renato Jorge e a coordenadora do DCE, Caroline Anice tamb\u00e9m estiveram \u00e0 mesa. <\/p>\n\n\n\n<figure class=\"wp-block-image\"><img decoding=\"async\" width=\"900\" height=\"600\" src=\"http:\/\/www.apub.org.br\/wp-content\/uploads\/2018\/12\/IMG_9889.jpg\" alt=\"\" class=\"wp-image-26192\" srcset=\"https:\/\/apub.org.br\/siteantigo\/wp-content\/uploads\/2018\/12\/IMG_9889.jpg 900w, https:\/\/apub.org.br\/siteantigo\/wp-content\/uploads\/2018\/12\/IMG_9889-300x200.jpg 300w, https:\/\/apub.org.br\/siteantigo\/wp-content\/uploads\/2018\/12\/IMG_9889-768x512.jpg 768w\" sizes=\"(max-width: 900px) 100vw, 900px\" \/><\/figure>\n\n\n\n<p>Raquel Nery,\u00a0 empossada como presidenta da Apub, demarcou dois principais desafios para a nova gest\u00e3o: conduzir o movimento sindical no momento em que pesa sobre as esquerdas e movimentos sociais diversos ataques na forma de viola\u00e7\u00f5es de direitos humanos e dos princ\u00edpios democr\u00e1ticos, e descobrir o que o sindicato representa para os\/as docentes, especialmente da nova gera\u00e7\u00e3o.<\/p>\n\n\n\n<figure class=\"wp-block-image\"><img decoding=\"async\" width=\"900\" height=\"600\" src=\"http:\/\/www.apub.org.br\/wp-content\/uploads\/2018\/12\/IMG_9861.jpg\" alt=\"\" class=\"wp-image-26189\" srcset=\"https:\/\/apub.org.br\/siteantigo\/wp-content\/uploads\/2018\/12\/IMG_9861.jpg 900w, https:\/\/apub.org.br\/siteantigo\/wp-content\/uploads\/2018\/12\/IMG_9861-300x200.jpg 300w, https:\/\/apub.org.br\/siteantigo\/wp-content\/uploads\/2018\/12\/IMG_9861-768x512.jpg 768w\" sizes=\"(max-width: 900px) 100vw, 900px\" \/><\/figure>\n\n\n\n<p>Al\u00e9m de Raquel, a nova diretoria empossada \u00e9 composta tamb\u00e9m por Emanuel Lins Freire Vasconcelos (Direito\/UFBA) como vice-presidente; Nildo Manoel Ribeiro (ICS\/UFBA), diretor administrativo; Marta L\u00edcia Teles (Faced\/UFBA), diretora financeira; Jailson Alves dos Santos (Qu\u00edmica\/UFBA), diretor acad\u00eamico; Cl\u00e1udio Andr\u00e9 de Sousa (IHL\/UNILAB), diretor de comunica\u00e7\u00e3o e cultura; e Joviniano Carvalho Neto (Aposentado), diretor social e de aposentados.<\/p>\n\n\n\n<p>O Conselho Fiscal tem como titulares, Ricardo Carvalho (Polit\u00e9cnica\/UFBA), Auristela F\u00e9lix (Cont\u00e1beis\/UFBA) e Ubiratan Felix (IFBA); como suplentes, Eliete da Silva Bispo (Farm\u00e1cia\/UBFA) e Rutildes Fonseca (Aposentada).&nbsp;<\/p>\n\n\n\n<figure class=\"wp-block-image\"><img loading=\"lazy\" decoding=\"async\" width=\"900\" height=\"600\" src=\"http:\/\/www.apub.org.br\/wp-content\/uploads\/2018\/12\/IMG_9852.jpg\" alt=\"\" class=\"wp-image-26188\" srcset=\"https:\/\/apub.org.br\/siteantigo\/wp-content\/uploads\/2018\/12\/IMG_9852.jpg 900w, https:\/\/apub.org.br\/siteantigo\/wp-content\/uploads\/2018\/12\/IMG_9852-300x200.jpg 300w, https:\/\/apub.org.br\/siteantigo\/wp-content\/uploads\/2018\/12\/IMG_9852-768x512.jpg 768w\" sizes=\"(max-width: 900px) 100vw, 900px\" \/><\/figure>\n\n\n\n<p>A cerim\u00f4nia tamb\u00e9m empossou o Conselho de Representantes, que na UFBA-Salvador\u00a0 \u00e9 composto pelos titulares Daniel Tourinho Peres (FFCH\/UFBA), Marize Souza Carvalho (FACED\/UFBA), Lu\u00eds Eug\u00eanio Portela (ICS\/UFBA), e pelos suplentes F\u00e1tima Regina Gomes (FFCH\/UFBA), Meran Muniz (Teatro\/UFBA) e Maria de Nazareth (Farm\u00e1cia\/UFBA). J\u00e1 na UFBA-Vit\u00f3ria da Conquista, o Conselho \u00e9 composto por Daniele Souto Medeiros (titular) e Vivian Carla Honorato dos Santos (suplente); na UFRB, Claudia Feio da Maia (titular) e Maria de F\u00e1tima da Silva Pinto (suplente); Eloisa Santos Pinto (titular) e Jos\u00e9 Antonio Alves Miranda (suplente) no IFBA; e Clarisse Goulart Paradis (titular) e Enzo Lenine Nunes (suplente) na UNILAB. <br><\/p>\n\n\n\n<p><br><\/p>\n","protected":false},"excerpt":{"rendered":"<p>Na manh\u00e3 de hoje, 21 de dezembro, foi empossada a nova Diretoria da Apub Sindicato, juntamente ao Conselho Fiscal e Conselho de Representantes, para o bi\u00eanio 2018-2020.<\/p>\n","protected":false},"author":2,"featured_media":26208,"comment_status":"open","ping_status":"closed","sticky":false,"template":"","format":"standard","meta":{"footnotes":""},"categories":[530,146],"tags":[175,633,632,279,420,615,634],"class_list":["post-26183","post","type-post","status-publish","format-standard","has-post-thumbnail","hentry","category-destaques-1","category-latest-news","tag-apub","tag-conselho-de-representantes","tag-conselho-fiscal","tag-eleicoes","tag-posse","tag-presidenta","tag-raquel-nery"],"_links":{"self":[{"href":"https:\/\/apub.org.br\/siteantigo\/wp-json\/wp\/v2\/posts\/26183","targetHints":{"allow":["GET"]}}],"collection":[{"href":"https:\/\/apub.org.br\/siteantigo\/wp-json\/wp\/v2\/posts"}],"about":[{"href":"https:\/\/apub.org.br\/siteantigo\/wp-json\/wp\/v2\/types\/post"}],"author":[{"embeddable":true,"href":"https:\/\/apub.org.br\/siteantigo\/wp-json\/wp\/v2\/users\/2"}],"replies":[{"embeddable":true,"href":"https:\/\/apub.org.br\/siteantigo\/wp-json\/wp\/v2\/comments?post=26183"}],"version-history":[{"count":0,"href":"https:\/\/apub.org.br\/siteantigo\/wp-json\/wp\/v2\/posts\/26183\/revisions"}],"wp:featuredmedia":[{"embeddable":true,"href":"https:\/\/apub.org.br\/siteantigo\/wp-json\/wp\/v2\/media\/26208"}],"wp:attachment":[{"href":"https:\/\/apub.org.br\/siteantigo\/wp-json\/wp\/v2\/media?parent=26183"}],"wp:term":[{"taxonomy":"category","embeddable":true,"href":"https:\/\/apub.org.br\/siteantigo\/wp-json\/wp\/v2\/categories?post=26183"},{"taxonomy":"post_tag","embeddable":true,"href":"https:\/\/apub.org.br\/siteantigo\/wp-json\/wp\/v2\/tags?post=26183"}],"curies":[{"name":"wp","href":"https:\/\/api.w.org\/{rel}","templated":true}]}}