{"id":26568,"date":"2019-02-21T15:25:23","date_gmt":"2019-02-21T15:25:23","guid":{"rendered":"http:\/\/www.apub.org.br\/?p=26568"},"modified":"2019-02-21T19:29:42","modified_gmt":"2019-02-21T19:29:42","slug":"gt-ciencia-e-tecnologia-avalia-propostas-para-area-de-ct-do-atual-governo","status":"publish","type":"post","link":"https:\/\/apub.org.br\/siteantigo\/gt-ciencia-e-tecnologia-avalia-propostas-para-area-de-ct-do-atual-governo\/","title":{"rendered":"GT Ci\u00eancia e Tecnologia avalia propostas para \u00e1rea de C&#038;T do atual governo"},"content":{"rendered":"\n<p>O GT Ci\u00eancia e Tecnologia do PROIFES-Federa\u00e7\u00e3o se reuniu nesta quarta-feira, 20, em Bras\u00edlia, com o objetivo de analisar as propostas j\u00e1 conhecidas do governo federal para a \u00e1rea de Ci\u00eancia e Tecnologia, formular diagn\u00f3sticos e buscar parceiros e entidades ligadas ao setor para avaliar e desenvolver uma proposta conjunta a ser apresentada ao ministro Marcos Pontes.<\/p>\n\n\n\n<p>Para Alex Galeno (ADURN-Sindicato), um dos principais pontos debatidos na reuni\u00e3o de hoje foi a quest\u00e3o do financiamento da pesquisa no Brasil. \u201c\u00c9 fundamental a participa\u00e7\u00e3o do setor privado, o governo tem que estar no centro dessa conversa, e as universidades federais, que s\u00e3o quem mais produz ci\u00eancia e tecnologia no Brasil\u201d, frisou Galeno.<\/p>\n\n\n\n<figure><iframe allowfullscreen=\"true\" height=\"315\" src=\"http:\/\/www.youtube.com\/embed\/RQGyk5Nw-9E?wmode=transparent&amp;jqoemcache=6TlIc\" width=\"383.5959885386819\"><\/iframe><\/figure>\n\n\n\n<p>J\u00e1 Daniel Christino (ADUFG-Sindicato), destacou a elabora\u00e7\u00e3o de um documento a partir dos pontos j\u00e1 debatidos no GT, e a realiza\u00e7\u00e3o de um simp\u00f3sio em junho para consolidar as discuss\u00f5es do grupo e iniciar um di\u00e1logo sobre&nbsp; \u00e1rea de ci\u00eancia e tecnologia com o pr\u00f3ximo governo.<\/p>\n\n\n\n<figure><iframe allowfullscreen=\"true\" height=\"315\" src=\"http:\/\/www.youtube.com\/embed\/jid01zTRqI4?wmode=transparent&amp;jqoemcache=Wxx6W\" width=\"383.5959885386819\"><\/iframe><\/figure>\n\n\n\n<p>Participaram da reuni\u00e3o, al\u00e9m de Christino e Galeno, Veridiana Moura e Thyago Marques (ADUFG-Sindicato), Rafael Ferques (SINDIEDUTEC), Ricardo Carvalho e Cleber Luz (APUB Sindicato), Rodrigo Bianchi e Luiz Gomid (ADUFSCar-Sindicato), Juliana Ferreira, Edeson Siqueira e Wellington Pinheiro (ADUFEPE).<\/p>\n","protected":false},"excerpt":{"rendered":"<p>O GT Ci\u00eancia e Tecnologia do PROIFES-Federa\u00e7\u00e3o se reuniu nesta quarta-feira, 20, em Bras\u00edlia, com o objetivo de analisar as propostas j\u00e1 conhecidas do governo federal para a \u00e1rea de Ci\u00eancia e Tecnologia, formular diagn\u00f3sticos e buscar parceiros e entidades ligadas ao setor para avaliar e desenvolver uma proposta conjunta a ser apresentada ao ministro [&hellip;]<\/p>\n","protected":false},"author":2,"featured_media":26569,"comment_status":"closed","ping_status":"closed","sticky":false,"template":"","format":"standard","meta":{"footnotes":""},"categories":[146],"tags":[],"class_list":["post-26568","post","type-post","status-publish","format-standard","has-post-thumbnail","hentry","category-latest-news"],"_links":{"self":[{"href":"https:\/\/apub.org.br\/siteantigo\/wp-json\/wp\/v2\/posts\/26568","targetHints":{"allow":["GET"]}}],"collection":[{"href":"https:\/\/apub.org.br\/siteantigo\/wp-json\/wp\/v2\/posts"}],"about":[{"href":"https:\/\/apub.org.br\/siteantigo\/wp-json\/wp\/v2\/types\/post"}],"author":[{"embeddable":true,"href":"https:\/\/apub.org.br\/siteantigo\/wp-json\/wp\/v2\/users\/2"}],"replies":[{"embeddable":true,"href":"https:\/\/apub.org.br\/siteantigo\/wp-json\/wp\/v2\/comments?post=26568"}],"version-history":[{"count":0,"href":"https:\/\/apub.org.br\/siteantigo\/wp-json\/wp\/v2\/posts\/26568\/revisions"}],"wp:featuredmedia":[{"embeddable":true,"href":"https:\/\/apub.org.br\/siteantigo\/wp-json\/wp\/v2\/media\/26569"}],"wp:attachment":[{"href":"https:\/\/apub.org.br\/siteantigo\/wp-json\/wp\/v2\/media?parent=26568"}],"wp:term":[{"taxonomy":"category","embeddable":true,"href":"https:\/\/apub.org.br\/siteantigo\/wp-json\/wp\/v2\/categories?post=26568"},{"taxonomy":"post_tag","embeddable":true,"href":"https:\/\/apub.org.br\/siteantigo\/wp-json\/wp\/v2\/tags?post=26568"}],"curies":[{"name":"wp","href":"https:\/\/api.w.org\/{rel}","templated":true}]}}