{"id":26588,"date":"2019-02-22T20:39:09","date_gmt":"2019-02-22T20:39:09","guid":{"rendered":"http:\/\/www.apub.org.br\/?p=26588"},"modified":"2019-02-25T13:35:52","modified_gmt":"2019-02-25T13:35:52","slug":"apub-prepara-participacao-na-mudanca-do-garcia","status":"publish","type":"post","link":"https:\/\/apub.org.br\/siteantigo\/apub-prepara-participacao-na-mudanca-do-garcia\/","title":{"rendered":"Apub prepara participa\u00e7\u00e3o na Mudan\u00e7a do Garcia"},"content":{"rendered":"\n<p> Como acontece anualmente, a Apub ir\u00e1 marcar presen\u00e7a na Mudan\u00e7a do Garcia, espa\u00e7o tradicional de manifesta\u00e7\u00e3o popular com irrever\u00eancia, durante o Carnaval de Salvador. Sempre \u00e0s segundas de Carnaval, em 2019, a Mudan\u00e7a ser\u00e1 dia 04 de mar\u00e7o. \u00a0<\/p>\n\n\n\n<p>A Apub participar\u00e1 com o Nanotrio e levar\u00e1 suas pautas com cr\u00edtica e humor. O ponto de encontro ser\u00e1 no restaurante Aconchego da Zuzu, a partir das 08h. Quem desejar, pode enviar sugest\u00f5es de frases para &#8220;pirulitos&#8221; que queiram levar para a Mudan\u00e7a e fazer a retirada do pirulito junto com <strong>a camisa, at\u00e9 \u00e0s 13h do dia 27 de fevereiro na sede da Apub.&nbsp;<\/strong><\/p>\n","protected":false},"excerpt":{"rendered":"<p>Como acontece anualmente, a Apub ir\u00e1 marcar presen\u00e7a na Mudan\u00e7a do Garcia, espa\u00e7o tradicional de manifesta\u00e7\u00e3o popular com irrever\u00eancia, durante o Carnaval de Salvador. Sempre \u00e0s segundas de Carnaval, em 2019, a Mudan\u00e7a ser\u00e1 dia 04 de mar\u00e7o. \u00a0 A Apub participar\u00e1 com o Nanotrio e levar\u00e1 suas pautas com cr\u00edtica e humor. O ponto [&hellip;]<\/p>\n","protected":false},"author":2,"featured_media":26589,"comment_status":"closed","ping_status":"closed","sticky":false,"template":"","format":"standard","meta":{"footnotes":""},"categories":[530,146],"tags":[],"class_list":["post-26588","post","type-post","status-publish","format-standard","has-post-thumbnail","hentry","category-destaques-1","category-latest-news"],"_links":{"self":[{"href":"https:\/\/apub.org.br\/siteantigo\/wp-json\/wp\/v2\/posts\/26588","targetHints":{"allow":["GET"]}}],"collection":[{"href":"https:\/\/apub.org.br\/siteantigo\/wp-json\/wp\/v2\/posts"}],"about":[{"href":"https:\/\/apub.org.br\/siteantigo\/wp-json\/wp\/v2\/types\/post"}],"author":[{"embeddable":true,"href":"https:\/\/apub.org.br\/siteantigo\/wp-json\/wp\/v2\/users\/2"}],"replies":[{"embeddable":true,"href":"https:\/\/apub.org.br\/siteantigo\/wp-json\/wp\/v2\/comments?post=26588"}],"version-history":[{"count":0,"href":"https:\/\/apub.org.br\/siteantigo\/wp-json\/wp\/v2\/posts\/26588\/revisions"}],"wp:featuredmedia":[{"embeddable":true,"href":"https:\/\/apub.org.br\/siteantigo\/wp-json\/wp\/v2\/media\/26589"}],"wp:attachment":[{"href":"https:\/\/apub.org.br\/siteantigo\/wp-json\/wp\/v2\/media?parent=26588"}],"wp:term":[{"taxonomy":"category","embeddable":true,"href":"https:\/\/apub.org.br\/siteantigo\/wp-json\/wp\/v2\/categories?post=26588"},{"taxonomy":"post_tag","embeddable":true,"href":"https:\/\/apub.org.br\/siteantigo\/wp-json\/wp\/v2\/tags?post=26588"}],"curies":[{"name":"wp","href":"https:\/\/api.w.org\/{rel}","templated":true}]}}