{"id":27596,"date":"2019-04-30T17:47:08","date_gmt":"2019-04-30T17:47:08","guid":{"rendered":"http:\/\/apub.org.br\/?p=27596"},"modified":"2019-04-30T17:47:09","modified_gmt":"2019-04-30T17:47:09","slug":"recolhimento-de-assinaturas-contra-a-reforma-da-previdencia-acompanhe-calendario","status":"publish","type":"post","link":"https:\/\/apub.org.br\/siteantigo\/recolhimento-de-assinaturas-contra-a-reforma-da-previdencia-acompanhe-calendario\/","title":{"rendered":"Recolhimento de assinaturas contra a Reforma da Previd\u00eancia: acompanhe calend\u00e1rio"},"content":{"rendered":"\n<p>A Apub est\u00e1 somando-se aos esfor\u00e7os de outras entidades e categorias no recolhimento de assinaturas para o abaixo-assinado, constru\u00eddo de forma unificada pela Frente Brasil Popular e Centrais Sindicais contra a Reforma da Previd\u00eancia. Al\u00e9m do ponto de coleta fixo na sede do sindicato, durante os pr\u00f3ximos dias haver\u00e1 passagem itinerante em diversas unidades, conforme calend\u00e1rio indicado no card abaixo. Solicitamos a aten\u00e7\u00e3o de todos e todas aos locais, dias e hor\u00e1rios, para que possam assinar e assim aumentar a for\u00e7a dessa mobiliza\u00e7\u00e3o.<\/p>\n\n\n\n<p>Quem desejar organizar o recolhimento na sua unidade, caso ela n\u00e3o esteja listada abaixo, pode entrar em contato com a Apub atrav\u00e9s de e-mail (<a rel=\"noreferrer noopener\" href=\"mailto:apub@apub.org.br\" target=\"_blank\">apub@apub.org.br<\/a>) ou telefone (71 &#8211; 3235-7433)\u00a0<\/p>\n\n\n\n<figure class=\"wp-block-image\"><img fetchpriority=\"high\" decoding=\"async\" width=\"927\" height=\"1024\" src=\"http:\/\/apub.org.br\/wp-content\/uploads\/2019\/04\/CALENDARIO-DE-ASSINATURAS-CONTRA-A-REFORMA-DA-PREVIDENCIA-1-927x1024.jpg\" alt=\"\" class=\"wp-image-27597\" srcset=\"https:\/\/apub.org.br\/siteantigo\/wp-content\/uploads\/2019\/04\/CALENDARIO-DE-ASSINATURAS-CONTRA-A-REFORMA-DA-PREVIDENCIA-1-927x1024.jpg 927w, https:\/\/apub.org.br\/siteantigo\/wp-content\/uploads\/2019\/04\/CALENDARIO-DE-ASSINATURAS-CONTRA-A-REFORMA-DA-PREVIDENCIA-1-272x300.jpg 272w, https:\/\/apub.org.br\/siteantigo\/wp-content\/uploads\/2019\/04\/CALENDARIO-DE-ASSINATURAS-CONTRA-A-REFORMA-DA-PREVIDENCIA-1-768x848.jpg 768w, https:\/\/apub.org.br\/siteantigo\/wp-content\/uploads\/2019\/04\/CALENDARIO-DE-ASSINATURAS-CONTRA-A-REFORMA-DA-PREVIDENCIA-1.jpg 950w\" sizes=\"(max-width: 927px) 100vw, 927px\" \/><\/figure>\n","protected":false},"excerpt":{"rendered":"<p>A Apub est\u00e1 somando-se aos esfor\u00e7os de outras entidades e categorias no recolhimento de assinaturas para o abaixo-assinado, constru\u00eddo de forma unificada pela Frente Brasil Popular e Centrais Sindicais contra a Reforma da Previd\u00eancia. Al\u00e9m do ponto de coleta fixo na sede do sindicato, durante os pr\u00f3ximos dias haver\u00e1 passagem itinerante em diversas unidades, conforme [&hellip;]<\/p>\n","protected":false},"author":2,"featured_media":27598,"comment_status":"closed","ping_status":"closed","sticky":false,"template":"","format":"standard","meta":{"footnotes":""},"categories":[530,146],"tags":[],"class_list":["post-27596","post","type-post","status-publish","format-standard","has-post-thumbnail","hentry","category-destaques-1","category-latest-news"],"_links":{"self":[{"href":"https:\/\/apub.org.br\/siteantigo\/wp-json\/wp\/v2\/posts\/27596","targetHints":{"allow":["GET"]}}],"collection":[{"href":"https:\/\/apub.org.br\/siteantigo\/wp-json\/wp\/v2\/posts"}],"about":[{"href":"https:\/\/apub.org.br\/siteantigo\/wp-json\/wp\/v2\/types\/post"}],"author":[{"embeddable":true,"href":"https:\/\/apub.org.br\/siteantigo\/wp-json\/wp\/v2\/users\/2"}],"replies":[{"embeddable":true,"href":"https:\/\/apub.org.br\/siteantigo\/wp-json\/wp\/v2\/comments?post=27596"}],"version-history":[{"count":0,"href":"https:\/\/apub.org.br\/siteantigo\/wp-json\/wp\/v2\/posts\/27596\/revisions"}],"wp:featuredmedia":[{"embeddable":true,"href":"https:\/\/apub.org.br\/siteantigo\/wp-json\/wp\/v2\/media\/27598"}],"wp:attachment":[{"href":"https:\/\/apub.org.br\/siteantigo\/wp-json\/wp\/v2\/media?parent=27596"}],"wp:term":[{"taxonomy":"category","embeddable":true,"href":"https:\/\/apub.org.br\/siteantigo\/wp-json\/wp\/v2\/categories?post=27596"},{"taxonomy":"post_tag","embeddable":true,"href":"https:\/\/apub.org.br\/siteantigo\/wp-json\/wp\/v2\/tags?post=27596"}],"curies":[{"name":"wp","href":"https:\/\/api.w.org\/{rel}","templated":true}]}}