{"id":27601,"date":"2019-04-30T19:21:17","date_gmt":"2019-04-30T19:21:17","guid":{"rendered":"http:\/\/apub.org.br\/?p=27601"},"modified":"2019-04-30T19:43:55","modified_gmt":"2019-04-30T19:43:55","slug":"nota-de-repudio-aos-ataques-as-universidades-e-a-educacao-publica","status":"publish","type":"post","link":"https:\/\/apub.org.br\/siteantigo\/nota-de-repudio-aos-ataques-as-universidades-e-a-educacao-publica\/","title":{"rendered":"PROIFES: Nota de rep\u00fadio aos ataques \u00e0s Universidades e \u00e0 Educa\u00e7\u00e3o P\u00fablica"},"content":{"rendered":"\n<p>A educa\u00e7\u00e3o p\u00fablica, gratuita e de \nqualidade no Brasil, a liberdade de express\u00e3o, e a autonomia \nuniversit\u00e1ria sofreram nesta ter\u00e7a-feira, 30, mais um duro golpe em uma \nsequ\u00eancia de ataques sem precedentes ao exerc\u00edcio pleno do pensamento, \nda pesquisa cient\u00edfica, da forma\u00e7\u00e3o t\u00e9cnica e cidad\u00e3 e do \ndesenvolvimento soberano do pa\u00eds.<\/p>\n\n\n\n<p>As Universidades Federais da Bahia, de \nBras\u00edlia e a Federal Fluminense registraram um contingenciamento de 30% \nem seus j\u00e1 decrescentes recursos, em retalia\u00e7\u00e3o ao que o ministro da \nEduca\u00e7\u00e3o do governo Bolsonaro, Abraham Weintraub, classificou como \n\u201cbalb\u00fardia\u201d sediada nas depend\u00eancias destas institui\u00e7\u00f5es.<\/p>\n\n\n\n<p>N\u00e3o bastasse a arbitrariedade inerente \nao ato, sendo o conceito de \u201cbalb\u00fardia\u201d subjetivo, moral e \nsemanticamente question\u00e1vel, o ministro da Educa\u00e7\u00e3o ainda justifica o \ncorte mais acentuado de recursos a estas universidades alegando, \nfalsamente, que teriam registrado redu\u00e7\u00e3o de qualidade do ensino \napresentado.<\/p>\n\n\n\n<p>O PROIFES-Federa\u00e7\u00e3o recebe com rep\u00fadio  mais esta investida deste governo contra a autonomia universit\u00e1ria, do  pensamento, da liberdade de ensinar, que utiliza o contingenciamento de  recursos legalmente previstos como forma de doutrina\u00e7\u00e3o pol\u00edtica e  subordina\u00e7\u00e3o financeira da educa\u00e7\u00e3o a um pensamento \u00fanico, autorit\u00e1rio e  descabido.<\/p>\n\n\n\n<p>\u201cOs docentes das Universidades e \nInstitutos Federais, e todos os demais profissionais da Educa\u00e7\u00e3o, \nresistiremos e responderemos \u00e0 altura dos ataques, com mobiliza\u00e7\u00f5es, \nparalisa\u00e7\u00f5es, greves e demais atos que, junto a outras entidades, \nmostrem que estamos atentos, e vamos \u00e0s ruas, com as centrais sindicais e\n no pr\u00f3ximo dia 15 com todo o movimento de educa\u00e7\u00e3o\u201d, afirmou Nilton \nBrand\u00e3o, presidente do PROIFES.<\/p>\n\n\n\n<p>\u201cAs palavras e atos do ministro da  educa\u00e7\u00e3o mostram claramente uma retalia\u00e7\u00e3o e uma tentativa de  desqualifica\u00e7\u00e3o da universidade, que \u00e9 um espa\u00e7o importante de gera\u00e7\u00e3o  de conhecimento e de manifesta\u00e7\u00e3o da liberdade de express\u00e3o,  fundamentais para o desenvolvimento e soberania nacional\u201d, acrescentou a  vice-presidente do PROIFES, e professora da UFBA, Luciene Fernandes.<\/p>\n\n\n\n<p>O PROIFES-Federa\u00e7\u00e3o, fiel aos seus \nprinc\u00edpios de lutar sempre por uma educa\u00e7\u00e3o p\u00fablica, laica, gratuita e \nde qualidade, com autonomia de pensamento e de ensino, jamais se furtar\u00e1\n a defender, com todos os meios \u00e0 sua disposi\u00e7\u00e3o, a constru\u00e7\u00e3o de uma \npa\u00eds justo, soberano e independente, e isso passa, necessariamente, pelo\n fortalecimento da educa\u00e7\u00e3o em geral, e das Universidades e Institutos \nFederais em particular, sem morda\u00e7as, sem restri\u00e7\u00f5es financeiras e sem \nimposi\u00e7\u00f5es ideol\u00f3gicas de qualquer natureza.<\/p>\n\n\n\n<p><strong>Bras\u00edlia, 30 de abril de 2019<\/strong><\/p>\n\n\n\n<p><em>Fonte: PROIFES-Federa\u00e7\u00e3o<\/em><\/p>\n","protected":false},"excerpt":{"rendered":"<p>A educa\u00e7\u00e3o p\u00fablica, gratuita e de qualidade no Brasil, a liberdade de express\u00e3o, e a autonomia universit\u00e1ria sofreram nesta ter\u00e7a-feira, 30, mais um duro golpe em uma sequ\u00eancia de ataques sem precedentes ao exerc\u00edcio pleno do pensamento, da pesquisa cient\u00edfica, da forma\u00e7\u00e3o t\u00e9cnica e cidad\u00e3 e do desenvolvimento soberano do pa\u00eds. As Universidades Federais da [&hellip;]<\/p>\n","protected":false},"author":2,"featured_media":27604,"comment_status":"closed","ping_status":"closed","sticky":false,"template":"","format":"standard","meta":{"footnotes":""},"categories":[530,146],"tags":[690,688,437,689,614],"class_list":["post-27601","post","type-post","status-publish","format-standard","has-post-thumbnail","hentry","category-destaques-1","category-latest-news","tag-ataques","tag-nota","tag-proifes","tag-repudio","tag-universidade"],"_links":{"self":[{"href":"https:\/\/apub.org.br\/siteantigo\/wp-json\/wp\/v2\/posts\/27601","targetHints":{"allow":["GET"]}}],"collection":[{"href":"https:\/\/apub.org.br\/siteantigo\/wp-json\/wp\/v2\/posts"}],"about":[{"href":"https:\/\/apub.org.br\/siteantigo\/wp-json\/wp\/v2\/types\/post"}],"author":[{"embeddable":true,"href":"https:\/\/apub.org.br\/siteantigo\/wp-json\/wp\/v2\/users\/2"}],"replies":[{"embeddable":true,"href":"https:\/\/apub.org.br\/siteantigo\/wp-json\/wp\/v2\/comments?post=27601"}],"version-history":[{"count":0,"href":"https:\/\/apub.org.br\/siteantigo\/wp-json\/wp\/v2\/posts\/27601\/revisions"}],"wp:featuredmedia":[{"embeddable":true,"href":"https:\/\/apub.org.br\/siteantigo\/wp-json\/wp\/v2\/media\/27604"}],"wp:attachment":[{"href":"https:\/\/apub.org.br\/siteantigo\/wp-json\/wp\/v2\/media?parent=27601"}],"wp:term":[{"taxonomy":"category","embeddable":true,"href":"https:\/\/apub.org.br\/siteantigo\/wp-json\/wp\/v2\/categories?post=27601"},{"taxonomy":"post_tag","embeddable":true,"href":"https:\/\/apub.org.br\/siteantigo\/wp-json\/wp\/v2\/tags?post=27601"}],"curies":[{"name":"wp","href":"https:\/\/api.w.org\/{rel}","templated":true}]}}