{"id":27617,"date":"2019-05-02T19:25:34","date_gmt":"2019-05-02T19:25:34","guid":{"rendered":"http:\/\/apub.org.br\/?p=27617"},"modified":"2019-05-02T19:25:36","modified_gmt":"2019-05-02T19:25:36","slug":"no-1o-de-maio-apub-participa-de-ato-unificado-em-defesa-da-previdencia-social","status":"publish","type":"post","link":"https:\/\/apub.org.br\/siteantigo\/no-1o-de-maio-apub-participa-de-ato-unificado-em-defesa-da-previdencia-social\/","title":{"rendered":"No 1\u00ba de Maio, Apub participa de ato unificado em defesa da Previd\u00eancia Social"},"content":{"rendered":"\n<p>No Dia Internacional dos\/as Trabalhadores\/as, 1\u00ba de maio, a Apub Sindicato participou do ato unificado das centrais sindicais, em Salvador, em defesa da previd\u00eancia social e da aposentadoria. A mobiliza\u00e7\u00e3o denunciou os danos da Reforma da Previd\u00eancia e demais medidas do governo Bolsonaro que representam retrocessos sociais, como os ataques \u00e0s universidades e educa\u00e7\u00e3o p\u00fablicas, aos direitos civis e as propostas de privatiza\u00e7\u00f5es. \u00a0<\/p>\n\n\n\n<ul class=\"wp-block-gallery columns-3 is-cropped wp-block-gallery-1 is-layout-flex wp-block-gallery-is-layout-flex\"><li class=\"blocks-gallery-item\"><figure><img fetchpriority=\"high\" decoding=\"async\" width=\"1024\" height=\"768\" src=\"http:\/\/apub.org.br\/wp-content\/uploads\/2019\/05\/WhatsApp-Image-2019-05-01-at-20.18.18-1024x768.jpeg\" alt=\"\" data-id=\"27619\" data-link=\"http:\/\/apub.org.br\/?attachment_id=27619\" class=\"wp-image-27619\" srcset=\"https:\/\/apub.org.br\/siteantigo\/wp-content\/uploads\/2019\/05\/WhatsApp-Image-2019-05-01-at-20.18.18-1024x768.jpeg 1024w, https:\/\/apub.org.br\/siteantigo\/wp-content\/uploads\/2019\/05\/WhatsApp-Image-2019-05-01-at-20.18.18-300x225.jpeg 300w, https:\/\/apub.org.br\/siteantigo\/wp-content\/uploads\/2019\/05\/WhatsApp-Image-2019-05-01-at-20.18.18-768x576.jpeg 768w, https:\/\/apub.org.br\/siteantigo\/wp-content\/uploads\/2019\/05\/WhatsApp-Image-2019-05-01-at-20.18.18.jpeg 1032w\" sizes=\"(max-width: 1024px) 100vw, 1024px\" \/><\/figure><\/li><li class=\"blocks-gallery-item\"><figure><img decoding=\"async\" width=\"950\" height=\"708\" src=\"http:\/\/apub.org.br\/wp-content\/uploads\/2019\/05\/HPIM5706b.jpg\" alt=\"\" data-id=\"27627\" data-link=\"http:\/\/apub.org.br\/?attachment_id=27627\" class=\"wp-image-27627\" srcset=\"https:\/\/apub.org.br\/siteantigo\/wp-content\/uploads\/2019\/05\/HPIM5706b.jpg 950w, https:\/\/apub.org.br\/siteantigo\/wp-content\/uploads\/2019\/05\/HPIM5706b-300x224.jpg 300w, https:\/\/apub.org.br\/siteantigo\/wp-content\/uploads\/2019\/05\/HPIM5706b-768x572.jpg 768w\" sizes=\"(max-width: 950px) 100vw, 950px\" \/><\/figure><\/li><li class=\"blocks-gallery-item\"><figure><img decoding=\"async\" width=\"950\" height=\"721\" src=\"http:\/\/apub.org.br\/wp-content\/uploads\/2019\/05\/HPIM5712b.jpg\" alt=\"\" data-id=\"27628\" data-link=\"http:\/\/apub.org.br\/?attachment_id=27628\" class=\"wp-image-27628\" srcset=\"https:\/\/apub.org.br\/siteantigo\/wp-content\/uploads\/2019\/05\/HPIM5712b.jpg 950w, https:\/\/apub.org.br\/siteantigo\/wp-content\/uploads\/2019\/05\/HPIM5712b-300x228.jpg 300w, https:\/\/apub.org.br\/siteantigo\/wp-content\/uploads\/2019\/05\/HPIM5712b-768x583.jpg 768w\" sizes=\"(max-width: 950px) 100vw, 950px\" \/><\/figure><\/li><li class=\"blocks-gallery-item\"><figure><img loading=\"lazy\" decoding=\"async\" width=\"950\" height=\"717\" src=\"http:\/\/apub.org.br\/wp-content\/uploads\/2019\/05\/HPIM5713b.jpg\" alt=\"\" data-id=\"27629\" data-link=\"http:\/\/apub.org.br\/?attachment_id=27629\" class=\"wp-image-27629\" srcset=\"https:\/\/apub.org.br\/siteantigo\/wp-content\/uploads\/2019\/05\/HPIM5713b.jpg 950w, https:\/\/apub.org.br\/siteantigo\/wp-content\/uploads\/2019\/05\/HPIM5713b-300x226.jpg 300w, https:\/\/apub.org.br\/siteantigo\/wp-content\/uploads\/2019\/05\/HPIM5713b-768x580.jpg 768w\" sizes=\"(max-width: 950px) 100vw, 950px\" \/><\/figure><\/li><li class=\"blocks-gallery-item\"><figure><img loading=\"lazy\" decoding=\"async\" width=\"950\" height=\"708\" src=\"http:\/\/apub.org.br\/wp-content\/uploads\/2019\/05\/HPIM5719b.jpg\" alt=\"\" data-id=\"27630\" data-link=\"http:\/\/apub.org.br\/?attachment_id=27630\" class=\"wp-image-27630\" srcset=\"https:\/\/apub.org.br\/siteantigo\/wp-content\/uploads\/2019\/05\/HPIM5719b.jpg 950w, https:\/\/apub.org.br\/siteantigo\/wp-content\/uploads\/2019\/05\/HPIM5719b-300x224.jpg 300w, https:\/\/apub.org.br\/siteantigo\/wp-content\/uploads\/2019\/05\/HPIM5719b-768x572.jpg 768w\" sizes=\"(max-width: 950px) 100vw, 950px\" \/><\/figure><\/li><li class=\"blocks-gallery-item\"><figure><img loading=\"lazy\" decoding=\"async\" width=\"950\" height=\"708\" src=\"http:\/\/apub.org.br\/wp-content\/uploads\/2019\/05\/HPIM5731b.jpg\" alt=\"\" data-id=\"27631\" data-link=\"http:\/\/apub.org.br\/?attachment_id=27631\" class=\"wp-image-27631\" srcset=\"https:\/\/apub.org.br\/siteantigo\/wp-content\/uploads\/2019\/05\/HPIM5731b.jpg 950w, https:\/\/apub.org.br\/siteantigo\/wp-content\/uploads\/2019\/05\/HPIM5731b-300x224.jpg 300w, https:\/\/apub.org.br\/siteantigo\/wp-content\/uploads\/2019\/05\/HPIM5731b-768x572.jpg 768w\" sizes=\"(max-width: 950px) 100vw, 950px\" \/><\/figure><\/li><li class=\"blocks-gallery-item\"><figure><img loading=\"lazy\" decoding=\"async\" width=\"950\" height=\"708\" src=\"http:\/\/apub.org.br\/wp-content\/uploads\/2019\/05\/HPIM5726b.jpg\" alt=\"\" data-id=\"27632\" data-link=\"http:\/\/apub.org.br\/?attachment_id=27632\" class=\"wp-image-27632\" srcset=\"https:\/\/apub.org.br\/siteantigo\/wp-content\/uploads\/2019\/05\/HPIM5726b.jpg 950w, https:\/\/apub.org.br\/siteantigo\/wp-content\/uploads\/2019\/05\/HPIM5726b-300x224.jpg 300w, https:\/\/apub.org.br\/siteantigo\/wp-content\/uploads\/2019\/05\/HPIM5726b-768x572.jpg 768w\" sizes=\"(max-width: 950px) 100vw, 950px\" \/><\/figure><\/li><li class=\"blocks-gallery-item\"><figure><img loading=\"lazy\" decoding=\"async\" width=\"950\" height=\"708\" src=\"http:\/\/apub.org.br\/wp-content\/uploads\/2019\/05\/HPIM5734b.jpg\" alt=\"\" data-id=\"27633\" data-link=\"http:\/\/apub.org.br\/?attachment_id=27633\" class=\"wp-image-27633\" srcset=\"https:\/\/apub.org.br\/siteantigo\/wp-content\/uploads\/2019\/05\/HPIM5734b.jpg 950w, https:\/\/apub.org.br\/siteantigo\/wp-content\/uploads\/2019\/05\/HPIM5734b-300x224.jpg 300w, https:\/\/apub.org.br\/siteantigo\/wp-content\/uploads\/2019\/05\/HPIM5734b-768x572.jpg 768w\" sizes=\"(max-width: 950px) 100vw, 950px\" \/><\/figure><\/li><\/ul>\n","protected":false},"excerpt":{"rendered":"<p>No Dia Internacional dos\/as Trabalhadores\/as, 1\u00ba de maio, a Apub Sindicato participou do ato unificado das centrais sindicais, em Salvador, em defesa da previd\u00eancia social e da aposentadoria. A mobiliza\u00e7\u00e3o denunciou os danos da Reforma da Previd\u00eancia e demais medidas do governo Bolsonaro que representam retrocessos sociais, como os ataques \u00e0s universidades e educa\u00e7\u00e3o p\u00fablicas, [&hellip;]<\/p>\n","protected":false},"author":2,"featured_media":27618,"comment_status":"closed","ping_status":"closed","sticky":false,"template":"","format":"standard","meta":{"footnotes":""},"categories":[678,137,530,146],"tags":[],"class_list":["post-27617","post","type-post","status-publish","format-standard","has-post-thumbnail","hentry","category-apub-na-rua","category-carreira-2","category-destaques-1","category-latest-news"],"_links":{"self":[{"href":"https:\/\/apub.org.br\/siteantigo\/wp-json\/wp\/v2\/posts\/27617","targetHints":{"allow":["GET"]}}],"collection":[{"href":"https:\/\/apub.org.br\/siteantigo\/wp-json\/wp\/v2\/posts"}],"about":[{"href":"https:\/\/apub.org.br\/siteantigo\/wp-json\/wp\/v2\/types\/post"}],"author":[{"embeddable":true,"href":"https:\/\/apub.org.br\/siteantigo\/wp-json\/wp\/v2\/users\/2"}],"replies":[{"embeddable":true,"href":"https:\/\/apub.org.br\/siteantigo\/wp-json\/wp\/v2\/comments?post=27617"}],"version-history":[{"count":0,"href":"https:\/\/apub.org.br\/siteantigo\/wp-json\/wp\/v2\/posts\/27617\/revisions"}],"wp:featuredmedia":[{"embeddable":true,"href":"https:\/\/apub.org.br\/siteantigo\/wp-json\/wp\/v2\/media\/27618"}],"wp:attachment":[{"href":"https:\/\/apub.org.br\/siteantigo\/wp-json\/wp\/v2\/media?parent=27617"}],"wp:term":[{"taxonomy":"category","embeddable":true,"href":"https:\/\/apub.org.br\/siteantigo\/wp-json\/wp\/v2\/categories?post=27617"},{"taxonomy":"post_tag","embeddable":true,"href":"https:\/\/apub.org.br\/siteantigo\/wp-json\/wp\/v2\/tags?post=27617"}],"curies":[{"name":"wp","href":"https:\/\/api.w.org\/{rel}","templated":true}]}}