{"id":27660,"date":"2019-05-03T20:25:58","date_gmt":"2019-05-03T20:25:58","guid":{"rendered":"http:\/\/apub.org.br\/?p=27660"},"modified":"2019-05-08T17:59:50","modified_gmt":"2019-05-08T17:59:50","slug":"campanha-proifes-em-defesa-das-instituicoes-federais-de-ensino-10-melhores-universidades","status":"publish","type":"post","link":"https:\/\/apub.org.br\/siteantigo\/campanha-proifes-em-defesa-das-instituicoes-federais-de-ensino-10-melhores-universidades\/","title":{"rendered":"Campanha PROIFES em defesa das Institui\u00e7\u00f5es Federais de Ensino -10 melhores universidades"},"content":{"rendered":"\n<p>Das dez universidades mais bem ranqueadas no \u00cdndice Geral de Cursos (IGC) 2017 elaborado pelo Inep, \u00f3rg\u00e3o ligado ao Minist\u00e9rio da Educa\u00e7\u00e3o, todas s\u00e3o p\u00fablicas, e oito s\u00e3o Institui\u00e7\u00f5es Federais de Ensino (IFES).<\/p>\n\n\n\n<iframe title=\"CAMPANHA PROIFES EM DEFESA IFES - 10 MELHORES UNIVERSIDADES\" width=\"800\" height=\"450\" src=\"https:\/\/www.youtube.com\/embed\/Z-DsullpWqw?feature=oembed\" frameborder=\"0\" allow=\"accelerometer; autoplay; clipboard-write; encrypted-media; gyroscope; picture-in-picture\" allowfullscreen><\/iframe>\n\n\n\n<p>O IGC \u00e9 instrumento \u00e9 constru\u00eddo com base numa m\u00e9dia ponderada das notas dos cursos, calculado anualmente considerado as notas dos cursos de gradua\u00e7\u00e3o e p\u00f3s-gradua\u00e7\u00e3o de cada institui\u00e7\u00e3o nos tr\u00eas \u00faltimos anos, sintetizando em \u00fanico indicador a qualidade de todos os cursos de gradua\u00e7\u00e3o, mestrado e doutorado da mesma institui\u00e7\u00e3o de ensino. O IGC \u00e9 divulgado anualmente pelo Inep\/MEC, imediatamente ap\u00f3s a divulga\u00e7\u00e3o dos resultados do Enade.<\/p>\n\n\n\n<p><strong>Campanha PROIFES<\/strong><\/p>\n\n\n\n<p>A Campanha do PROIFES em Defesa das IFES divulgar\u00e1 um pe\u00e7a audiovisual por semana, al\u00e9m de informa\u00e7\u00f5es e mat\u00e9rias correlatas, e tamb\u00e9m se soma aos esfor\u00e7os e a\u00e7\u00f5es de outras entidades na defesa de uma educa\u00e7\u00e3o inclusiva e gratuita.<\/p>\n\n\n\n<p><strong>Ci\u00eancia nas IFES<\/strong><\/p>\n\n\n\n<p>O primeiro v\u00eddeo destaca a concentra\u00e7\u00e3o da produ\u00e7\u00e3o de pesquisa cient\u00edfica brasileira nas IFES.<\/p>\n\n\n\n<figure class=\"wp-block-image\"><a href=\"http:\/\/www.proifes.org.br\/noticias-proifes\/proifes-lanca-campanha-em-defesa-das-instituicoes-federais-de-ensino\/\"><img decoding=\"async\" src=\"http:\/\/www.proifes.org.br\/dados\/editor\/image\/ARTES\/Campanha_IFES___Ciencia.jpeg\" alt=\"\"\/><\/a><\/figure>\n\n\n\n<p><strong>Acompanhe esta e outras a\u00e7\u00f5es do PROIFES em defesa de uma educa\u00e7\u00e3o p\u00fablica, gratuita e de qualidade no site&nbsp;<a href=\"http:\/\/www.proifes.org.br\/\">www.proifes.org.br<\/a>&nbsp;e nas redes sociais da federa\u00e7\u00e3o:<\/strong><\/p>\n\n\n\n<p><strong>Twitter:&nbsp;<a href=\"http:\/\/twitter.com\/proifesfederal\">twitter.com\/proifesfederal<\/a><\/strong><\/p>\n\n\n\n<p><strong>Facebook:&nbsp;<a href=\"http:\/\/facebook.com\/proifesfederal\/\">facebook.com\/proifesfederal\/<\/a><\/strong><\/p>\n\n\n\n<p><strong>Youtube:&nbsp;<a href=\"http:\/\/youtube.com\/proifesfederacao\">youtube.com\/proifesfederacao<\/a><\/strong><\/p>\n\n\n\n<p><em>Fonte: PROIFES-Federa\u00e7\u00e3o<\/em><\/p>\n","protected":false},"excerpt":{"rendered":"<p>Das dez universidades mais bem ranqueadas no \u00cdndice Geral de Cursos (IGC) 2017 elaborado pelo Inep, \u00f3rg\u00e3o ligado ao Minist\u00e9rio da Educa\u00e7\u00e3o, todas s\u00e3o p\u00fablicas, e oito s\u00e3o Institui\u00e7\u00f5es Federais de Ensino (IFES). O IGC \u00e9 instrumento \u00e9 constru\u00eddo com base numa m\u00e9dia ponderada das notas dos cursos, calculado anualmente considerado as notas dos cursos [&hellip;]<\/p>\n","protected":false},"author":2,"featured_media":27661,"comment_status":"closed","ping_status":"closed","sticky":false,"template":"","format":"standard","meta":{"footnotes":""},"categories":[530,139,142,146],"tags":[],"class_list":["post-27660","post","type-post","status-publish","format-standard","has-post-thumbnail","hentry","category-destaques-1","category-educacao","category-proifes-2","category-latest-news"],"_links":{"self":[{"href":"https:\/\/apub.org.br\/siteantigo\/wp-json\/wp\/v2\/posts\/27660","targetHints":{"allow":["GET"]}}],"collection":[{"href":"https:\/\/apub.org.br\/siteantigo\/wp-json\/wp\/v2\/posts"}],"about":[{"href":"https:\/\/apub.org.br\/siteantigo\/wp-json\/wp\/v2\/types\/post"}],"author":[{"embeddable":true,"href":"https:\/\/apub.org.br\/siteantigo\/wp-json\/wp\/v2\/users\/2"}],"replies":[{"embeddable":true,"href":"https:\/\/apub.org.br\/siteantigo\/wp-json\/wp\/v2\/comments?post=27660"}],"version-history":[{"count":0,"href":"https:\/\/apub.org.br\/siteantigo\/wp-json\/wp\/v2\/posts\/27660\/revisions"}],"wp:featuredmedia":[{"embeddable":true,"href":"https:\/\/apub.org.br\/siteantigo\/wp-json\/wp\/v2\/media\/27661"}],"wp:attachment":[{"href":"https:\/\/apub.org.br\/siteantigo\/wp-json\/wp\/v2\/media?parent=27660"}],"wp:term":[{"taxonomy":"category","embeddable":true,"href":"https:\/\/apub.org.br\/siteantigo\/wp-json\/wp\/v2\/categories?post=27660"},{"taxonomy":"post_tag","embeddable":true,"href":"https:\/\/apub.org.br\/siteantigo\/wp-json\/wp\/v2\/tags?post=27660"}],"curies":[{"name":"wp","href":"https:\/\/api.w.org\/{rel}","templated":true}]}}