{"id":27702,"date":"2019-05-08T20:32:19","date_gmt":"2019-05-08T20:32:19","guid":{"rendered":"http:\/\/apub.org.br\/?p=27702"},"modified":"2019-05-08T20:38:00","modified_gmt":"2019-05-08T20:38:00","slug":"em-defesa-da-universidade-e-contra-a-reforma-da-previdencia-assembleia-docente-aprova-paralisacoes","status":"publish","type":"post","link":"https:\/\/apub.org.br\/siteantigo\/em-defesa-da-universidade-e-contra-a-reforma-da-previdencia-assembleia-docente-aprova-paralisacoes\/","title":{"rendered":"Em defesa da Universidade e contra a Reforma da Previd\u00eancia, Assembleia docente aprova paralisa\u00e7\u00f5es"},"content":{"rendered":"\n<p>Professores e professoras da base da Apub aprovaram por unanimidade em Assembleia Geral, realizada no dia 07 de maio, a ades\u00e3o \u00e0 Greve Geral da Educa\u00e7\u00e3o, convocada para o dia 15 de maio e \u00e0 Greve Geral dos\/as Trabalhadores, no dia 14 de junho. A Assembleia, marcada inicialmente para o audit\u00f3rio do PAF I (campus de Ondina da UFBA) foi transferida para o p\u00e1tio do pr\u00e9dio devido ao grande n\u00famero de participantes &#8211; 255 professores\/as assinaram a lista de presen\u00e7a; estudantes tamb\u00e9m estiveram presentes, assim como representa\u00e7\u00f5es da Assufba Sindicato, DCE\/UFBA e do Sinasefe.<\/p>\n\n\n\n<figure class=\"wp-block-image\"><img fetchpriority=\"high\" decoding=\"async\" width=\"950\" height=\"633\" src=\"http:\/\/apub.org.br\/wp-content\/uploads\/2019\/05\/IMG_1515.jpg\" alt=\"\" class=\"wp-image-27710\" srcset=\"https:\/\/apub.org.br\/siteantigo\/wp-content\/uploads\/2019\/05\/IMG_1515.jpg 950w, https:\/\/apub.org.br\/siteantigo\/wp-content\/uploads\/2019\/05\/IMG_1515-300x200.jpg 300w, https:\/\/apub.org.br\/siteantigo\/wp-content\/uploads\/2019\/05\/IMG_1515-768x512.jpg 768w\" sizes=\"(max-width: 950px) 100vw, 950px\" \/><\/figure>\n\n\n\n<p>A Assembleia ocorreu no dia seguinte \u00e0 grande mobiliza\u00e7\u00e3o em defesa da UFBA, alvo de um bloqueio de recursos de mais de R$ 55 milh\u00f5es, segundo a Reitoria (<a rel=\"noreferrer noopener\" aria-label=\"veja aqui o v\u00eddeo (abre em uma nova aba)\" href=\"https:\/\/www.youtube.com\/watch?v=7R5Uc3NVR4w&amp;t=63s\" target=\"_blank\">veja aqui o v\u00eddeo<\/a>); essa foi uma das principais quest\u00f5es pautadas, assim como a luta contra a Reforma da Previd\u00eancia. Durante os informes, o professor Jailson Alves, diretor acad\u00eamico da Apub, falou sobre prevista participa\u00e7\u00e3o do sindicato nas atividades do <a href=\"http:\/\/portal.sbpcnet.org.br\/noticias\/participe-das-atividades-cienciaocupabrasilia\/\">#Ci\u00eanciaOcupaBrasilia,\u00a0&#8211;\u00a0<\/a>nos dias 08 e 09 de maio &#8211; uma iniciativa da SBPC com o apoio de diversas entidades acad\u00eamicas e cient\u00edficas que visa mobilizar no Congresso Nacional contra os cortes no setor de ci\u00eancia e tecnologia. Ainda nos informes, a professora Maria Jos\u00e9 Malheiros, representante da FMTS (F\u00e9d\u00e9ration Modiale des Travaileurs Scientifiques)\u00a0e da CGT (Confedera\u00e7\u00e3o Geral do Trabalho) falou sobre a mo\u00e7\u00e3o de apoio aos pesquisadores e pesquisadoras brasileiros\/as aprovada pela Federa\u00e7\u00e3o em sua \u00faltima reuni\u00e3o anual, que teve a participa\u00e7\u00e3o da presidenta da Apub, Raquel Nery.<\/p>\n\n\n\n<figure class=\"wp-block-image\"><img decoding=\"async\" width=\"950\" height=\"633\" src=\"http:\/\/apub.org.br\/wp-content\/uploads\/2019\/05\/IMG_1558.jpg\" alt=\"\" class=\"wp-image-27712\" srcset=\"https:\/\/apub.org.br\/siteantigo\/wp-content\/uploads\/2019\/05\/IMG_1558.jpg 950w, https:\/\/apub.org.br\/siteantigo\/wp-content\/uploads\/2019\/05\/IMG_1558-300x200.jpg 300w, https:\/\/apub.org.br\/siteantigo\/wp-content\/uploads\/2019\/05\/IMG_1558-768x512.jpg 768w\" sizes=\"(max-width: 950px) 100vw, 950px\" \/><figcaption><em>Professora Maria Jos\u00e9 Malheiros<\/em><\/figcaption><\/figure>\n\n\n\n<p>Na Assembleia houve ainda um momento para discutir a situa\u00e7\u00e3o das universidades estaduais baianas, cujos docentes est\u00e3o em greve e com ame\u00e7a de corte de sal\u00e1rios. A plen\u00e1ria aprovou o apoio e reconheceu a legitimidade da greve dos professores das estaduais, exigindo abertura imediata da mesa de negocia\u00e7\u00e3o pelo governador Rui Costa.<\/p>\n\n\n\n<figure class=\"wp-block-image\"><img decoding=\"async\" width=\"950\" height=\"633\" src=\"http:\/\/apub.org.br\/wp-content\/uploads\/2019\/05\/IMG_1544.jpg\" alt=\"\" class=\"wp-image-27713\" srcset=\"https:\/\/apub.org.br\/siteantigo\/wp-content\/uploads\/2019\/05\/IMG_1544.jpg 950w, https:\/\/apub.org.br\/siteantigo\/wp-content\/uploads\/2019\/05\/IMG_1544-300x200.jpg 300w, https:\/\/apub.org.br\/siteantigo\/wp-content\/uploads\/2019\/05\/IMG_1544-768x512.jpg 768w\" sizes=\"(max-width: 950px) 100vw, 950px\" \/><\/figure>\n\n\n\n<p>As falas dos\/as presentes apontaram para a necessidade de manter a mobiliza\u00e7\u00e3o permanente em defesa da educa\u00e7\u00e3o p\u00fablica e da universidade, bem como, construir atividades que dialoguem com a sociedade, inclusive nas datas de paralisa\u00e7\u00e3o. &#8220;Nossa paralisa\u00e7\u00e3o do dia 15 tem que ser uma paralisa\u00e7\u00e3o de ocupa\u00e7\u00e3o; n\u00f3s temos que ir para a rua para mostrar o que a universidade faz e para mostrar que hoje a universidade n\u00e3o \u00e9 somente a casa de uma parcela da elite da sociedade&#8221;, afirmou a professora Cl\u00e1udia Miranda (Faced\/UFBA). Outro ponto levantado foi a desconstru\u00e7\u00e3o da ideia que existe uma oposi\u00e7\u00e3o entre o investimento na educa\u00e7\u00e3o superior e na educa\u00e7\u00e3o b\u00e1sica. &#8220;O Ministro da Educa\u00e7\u00e3o est\u00e1 dizendo que vai cortar das universidades para dar para educa\u00e7\u00e3o b\u00e1sica. Isso \u00e9 mentira. A educa\u00e7\u00e3o b\u00e1sica tamb\u00e9m est\u00e1 tendo as verbas cortadas&#8221;, disse o professor Lu\u00eds Eug\u00eanio Portela (ISC\/UFBA e Conselho de Representantes Apub)<\/p>\n\n\n\n<figure class=\"wp-block-image\"><img loading=\"lazy\" decoding=\"async\" width=\"950\" height=\"633\" src=\"http:\/\/apub.org.br\/wp-content\/uploads\/2019\/05\/IMG_1526.jpg\" alt=\"\" class=\"wp-image-27716\" srcset=\"https:\/\/apub.org.br\/siteantigo\/wp-content\/uploads\/2019\/05\/IMG_1526.jpg 950w, https:\/\/apub.org.br\/siteantigo\/wp-content\/uploads\/2019\/05\/IMG_1526-300x200.jpg 300w, https:\/\/apub.org.br\/siteantigo\/wp-content\/uploads\/2019\/05\/IMG_1526-768x512.jpg 768w\" sizes=\"(max-width: 950px) 100vw, 950px\" \/><\/figure>\n\n\n\n<p>Durante a Assembleia foram recolhidas assinaturas para o abaixo-assinado das Centrais contra a Reforma da Previd\u00eancia. <\/p>\n\n\n\n<figure class=\"wp-block-image\"><img loading=\"lazy\" decoding=\"async\" width=\"950\" height=\"633\" src=\"http:\/\/apub.org.br\/wp-content\/uploads\/2019\/05\/IMG_1545.jpg\" alt=\"\" class=\"wp-image-27714\" srcset=\"https:\/\/apub.org.br\/siteantigo\/wp-content\/uploads\/2019\/05\/IMG_1545.jpg 950w, https:\/\/apub.org.br\/siteantigo\/wp-content\/uploads\/2019\/05\/IMG_1545-300x200.jpg 300w, https:\/\/apub.org.br\/siteantigo\/wp-content\/uploads\/2019\/05\/IMG_1545-768x512.jpg 768w\" sizes=\"(max-width: 950px) 100vw, 950px\" \/><\/figure>\n\n\n\n<p><em>Encaminhamentos aprovados:<\/em><\/p>\n\n\n\n<ul class=\"wp-block-list\"><li>15 de maio &#8211; Ades\u00e3o \u00e0 Greve Geral da Educa\u00e7\u00e3o. Concentra\u00e7\u00e3o em Belas Artes \u00e0s 7h30 com confec\u00e7\u00e3o de cartazes. \u00c0s 9h, participa\u00e7\u00e3o no ato unificado no Campo Grande. \u00c0 tarde, realiza\u00e7\u00e3o de feiras\/atividades culturais organizadas pelas unidades. <\/li><\/ul>\n\n\n\n<ul class=\"wp-block-list\"><li>14 de junho &#8211; Ades\u00e3o \u00e0 Greve Geral dos\/as Trabalhadores\/as. Acompanhar calend\u00e1rio das Centrais.<br> <br><\/li><\/ul>\n\n\n\n<ul class=\"wp-block-list\"><li>Realiza\u00e7\u00e3o de Plen\u00e1rias nas unidades para mobilizar para dia 15 de maio e para dia 14 de junho <br><\/li><\/ul>\n\n\n\n<ul class=\"wp-block-list\"><li>Criar comiss\u00f5es nas unidades de mobiliza\u00e7\u00e3o para dia 15<\/li><\/ul>\n\n\n\n<ul class=\"wp-block-list\"><li>Realiza\u00e7\u00e3o de Aulas P\u00fablicas (Locais sugeridos: Lapa, Pra\u00e7a da Piedade e Cajazeiras) <br><\/li><\/ul>\n\n\n\n<ul class=\"wp-block-list\"><li>Realiza\u00e7\u00e3o de passagens nas unidades <\/li><\/ul>\n\n\n\n<ul class=\"wp-block-list\"><li>Aprova\u00e7\u00e3o de Mo\u00e7\u00e3o de rep\u00fadio contra a in\u00e9rcia na investiga\u00e7\u00e3o de quem matou Marielle Franco<br><em>Os professores\/as da UFBA v\u00eam por meio desta nota repudiar veementemente a morosidade nas investiga\u00e7\u00f5es e a falta de resolu\u00e7\u00e3o definitiva do brutal e covarde assassinato da vereadora Marielle Franco e de Anderson Gomes. \u00c9 inaceit\u00e1vel que esse crime at\u00e9 o momento n\u00e3o tenha sido devidamente elucidado e seus respons\u00e1veis levados aos rigores da justi\u00e7a de forma p\u00fablica e transparente.<\/em><\/li><\/ul>\n\n\n\n<ul class=\"wp-block-list\"><li>Apoio \u00e0 posse da reitoria da IFBA<\/li><\/ul>\n\n\n\n<ul class=\"wp-block-list\"><li>Articula\u00e7\u00e3o do movimento docente com as mobiliza\u00e7\u00f5es nacionais<\/li><\/ul>\n\n\n\n<ul class=\"wp-block-list\"><li>Estado permanente de mobiliza\u00e7\u00e3o em defesa da Educa\u00e7\u00e3o P\u00fablica<\/li><\/ul>\n\n\n\n<ul class=\"wp-block-list\"><li>Realiza\u00e7\u00e3o de uma Assembleia Geral dos tr\u00eas setores da UFBA para discutir fortalecimento da Greve Geral do dia 14 de junho<\/li><\/ul>\n\n\n\n<ul class=\"wp-block-list\"><li>Cria\u00e7\u00e3o de Comiss\u00e3o de intelig\u00eancia para aprofundar leitura e a\u00e7\u00e3o sobre a guerra h\u00edbrida <\/li><\/ul>\n\n\n\n<figure class=\"wp-block-image\"><img loading=\"lazy\" decoding=\"async\" width=\"950\" height=\"633\" src=\"http:\/\/apub.org.br\/wp-content\/uploads\/2019\/05\/IMG_1611.jpg\" alt=\"\" class=\"wp-image-27715\" srcset=\"https:\/\/apub.org.br\/siteantigo\/wp-content\/uploads\/2019\/05\/IMG_1611.jpg 950w, https:\/\/apub.org.br\/siteantigo\/wp-content\/uploads\/2019\/05\/IMG_1611-300x200.jpg 300w, https:\/\/apub.org.br\/siteantigo\/wp-content\/uploads\/2019\/05\/IMG_1611-768x512.jpg 768w\" sizes=\"(max-width: 950px) 100vw, 950px\" \/><\/figure>\n","protected":false},"excerpt":{"rendered":"<p>Professores e professoras da base da Apub aprovaram por unanimidade em Assembleia Geral, realizada no dia 07 de maio, a ades\u00e3o \u00e0 Greve Geral da Educa\u00e7\u00e3o, convocada para o dia 15 de maio e \u00e0 Greve Geral dos\/as Trabalhadores, no dia 14 de junho. A Assembleia, marcada inicialmente para o audit\u00f3rio do PAF I (campus [&hellip;]<\/p>\n","protected":false},"author":2,"featured_media":27707,"comment_status":"closed","ping_status":"closed","sticky":false,"template":"","format":"standard","meta":{"footnotes":""},"categories":[530,146],"tags":[],"class_list":["post-27702","post","type-post","status-publish","format-standard","has-post-thumbnail","hentry","category-destaques-1","category-latest-news"],"_links":{"self":[{"href":"https:\/\/apub.org.br\/siteantigo\/wp-json\/wp\/v2\/posts\/27702","targetHints":{"allow":["GET"]}}],"collection":[{"href":"https:\/\/apub.org.br\/siteantigo\/wp-json\/wp\/v2\/posts"}],"about":[{"href":"https:\/\/apub.org.br\/siteantigo\/wp-json\/wp\/v2\/types\/post"}],"author":[{"embeddable":true,"href":"https:\/\/apub.org.br\/siteantigo\/wp-json\/wp\/v2\/users\/2"}],"replies":[{"embeddable":true,"href":"https:\/\/apub.org.br\/siteantigo\/wp-json\/wp\/v2\/comments?post=27702"}],"version-history":[{"count":0,"href":"https:\/\/apub.org.br\/siteantigo\/wp-json\/wp\/v2\/posts\/27702\/revisions"}],"wp:featuredmedia":[{"embeddable":true,"href":"https:\/\/apub.org.br\/siteantigo\/wp-json\/wp\/v2\/media\/27707"}],"wp:attachment":[{"href":"https:\/\/apub.org.br\/siteantigo\/wp-json\/wp\/v2\/media?parent=27702"}],"wp:term":[{"taxonomy":"category","embeddable":true,"href":"https:\/\/apub.org.br\/siteantigo\/wp-json\/wp\/v2\/categories?post=27702"},{"taxonomy":"post_tag","embeddable":true,"href":"https:\/\/apub.org.br\/siteantigo\/wp-json\/wp\/v2\/tags?post=27702"}],"curies":[{"name":"wp","href":"https:\/\/api.w.org\/{rel}","templated":true}]}}