{"id":27729,"date":"2019-05-10T19:28:19","date_gmt":"2019-05-10T19:28:19","guid":{"rendered":"http:\/\/apub.org.br\/?p=27729"},"modified":"2019-05-10T19:28:21","modified_gmt":"2019-05-10T19:28:21","slug":"15-de-maio-i-greve-geral-da-educacao","status":"publish","type":"post","link":"https:\/\/apub.org.br\/siteantigo\/15-de-maio-i-greve-geral-da-educacao\/","title":{"rendered":"15 de maio I Greve Geral da Educa\u00e7\u00e3o"},"content":{"rendered":"\n<p>No dia 15 de maio educadores e educadoras de todo o pa\u00eds estar\u00e3o nas ruas contra a Reforma da Previd\u00eancia e para denunciar os cortes que atingem o or\u00e7amento da educa\u00e7\u00e3o b\u00e1sica e superior. <\/p>\n\n\n\n<p>Em Salvador, a comunidade UFBA realiza uma concentra\u00e7\u00e3o na Escola de Belas Artes, a partir das 8h, e depois segue para o ato unificado no Campo Grande. A paralisa\u00e7\u00e3o e participa\u00e7\u00e3o no ato foram delibera\u00e7\u00f5es da <a href=\"http:\/\/www.apub.org.br\/?p=27702\" target=\"_blank\" rel=\"noreferrer noopener\" aria-label=\"Assembleia Geral Apub (abre em uma nova aba)\">Assembleia Geral Apub<\/a> realizada no dia 07 de maio. Servidores\/as t\u00e9cnicos\/as administrativos tamb\u00e9m aprovaram a ades\u00e3o, em Assembleia da Assufba no dia 09; os\/as estudantes tamb\u00e9m realizaram Assembleia nesta data. <\/p>\n","protected":false},"excerpt":{"rendered":"<p>No dia 15 de maio educadores e educadoras de todo o pa\u00eds estar\u00e3o nas ruas contra a Reforma da Previd\u00eancia e para denunciar os cortes que atingem o or\u00e7amento da educa\u00e7\u00e3o b\u00e1sica e superior. Em Salvador, a comunidade UFBA realiza uma concentra\u00e7\u00e3o na Escola de Belas Artes, a partir das 8h, e depois segue para [&hellip;]<\/p>\n","protected":false},"author":2,"featured_media":27730,"comment_status":"closed","ping_status":"closed","sticky":false,"template":"","format":"standard","meta":{"footnotes":""},"categories":[681,678,530,139,146],"tags":[],"class_list":["post-27729","post","type-post","status-publish","format-standard","has-post-thumbnail","hentry","category-aposentadoria","category-apub-na-rua","category-destaques-1","category-educacao","category-latest-news"],"_links":{"self":[{"href":"https:\/\/apub.org.br\/siteantigo\/wp-json\/wp\/v2\/posts\/27729","targetHints":{"allow":["GET"]}}],"collection":[{"href":"https:\/\/apub.org.br\/siteantigo\/wp-json\/wp\/v2\/posts"}],"about":[{"href":"https:\/\/apub.org.br\/siteantigo\/wp-json\/wp\/v2\/types\/post"}],"author":[{"embeddable":true,"href":"https:\/\/apub.org.br\/siteantigo\/wp-json\/wp\/v2\/users\/2"}],"replies":[{"embeddable":true,"href":"https:\/\/apub.org.br\/siteantigo\/wp-json\/wp\/v2\/comments?post=27729"}],"version-history":[{"count":0,"href":"https:\/\/apub.org.br\/siteantigo\/wp-json\/wp\/v2\/posts\/27729\/revisions"}],"wp:featuredmedia":[{"embeddable":true,"href":"https:\/\/apub.org.br\/siteantigo\/wp-json\/wp\/v2\/media\/27730"}],"wp:attachment":[{"href":"https:\/\/apub.org.br\/siteantigo\/wp-json\/wp\/v2\/media?parent=27729"}],"wp:term":[{"taxonomy":"category","embeddable":true,"href":"https:\/\/apub.org.br\/siteantigo\/wp-json\/wp\/v2\/categories?post=27729"},{"taxonomy":"post_tag","embeddable":true,"href":"https:\/\/apub.org.br\/siteantigo\/wp-json\/wp\/v2\/tags?post=27729"}],"curies":[{"name":"wp","href":"https:\/\/api.w.org\/{rel}","templated":true}]}}