{"id":27733,"date":"2019-05-10T19:47:31","date_gmt":"2019-05-10T19:47:31","guid":{"rendered":"http:\/\/apub.org.br\/?p=27733"},"modified":"2019-05-10T19:48:21","modified_gmt":"2019-05-10T19:48:21","slug":"observatorio-do-conhecimento-adere-a-peticao-em-defesa-das-universidades-publicas-de-daniel-peres","status":"publish","type":"post","link":"https:\/\/apub.org.br\/siteantigo\/observatorio-do-conhecimento-adere-a-peticao-em-defesa-das-universidades-publicas-de-daniel-peres\/","title":{"rendered":"Observat\u00f3rio do Conhecimento adere a peti\u00e7\u00e3o em Defesa das Universidades P\u00fablicas de Daniel Peres"},"content":{"rendered":"\n<p>Na \u00faltima quinta-feira, dia 9, o\nConselho Diretivo do Observat\u00f3rio do Conhecimento se reuniu em Bras\u00edlia (DF)\npara debater e reafirmar quest\u00f5es or\u00e7ament\u00e1rias, plano de trabalho e tamb\u00e9m\npara avaliar as a\u00e7\u00f5es do Observat\u00f3rio at\u00e9 o momento. <\/p>\n\n\n\n<p>A presidenta da Apub, professora Raquel Nery, que tamb\u00e9m comp\u00f5e o Conselho juntamente com outros representantes de institui\u00e7\u00f5es e entidades ligadas a educa\u00e7\u00e3o, ci\u00eancia e tecnologia, esteve presente na reuni\u00e3o e revelou que o Conselho decidiu  aderir oficialmente a peti\u00e7\u00e3o em Defesa das Universidades P\u00fablicas do professor Daniel Peres, membro do Conselho de  Representantes da Apub, que j\u00e1 conta com mais de 1.406.183 assinaturas e deve ser levada a Bras\u00edlia na pr\u00f3xima semana.<strong> Assine a peti\u00e7\u00e3o: <a href=\"https:\/\/www.change.org\/p\/congresso-nacional-em-defesa-das-universidades-p%C3%BAblicas-brasileiras?use_react=false\">http:\/\/twixar.me\/HGKn<\/a><\/strong><a href=\"https:\/\/www.change.org\/p\/congresso-nacional-em-defesa-das-universidades-p%C3%BAblicas-brasileiras?use_react=false\"> <\/a><\/p>\n\n\n\n<p>Al\u00e9m disso, o Observart\u00f3rio planeja realizar articula\u00e7\u00f5es mais amplas com diversos setores da sociedade, incluindo o \u00e2mbito acad\u00eamico, que estejam dispostos a dialogar e fazer publicamente a defesa da ci\u00eancia e tecnologia do pa\u00eds. <\/p>\n\n\n\n<p><\/p>\n","protected":false},"excerpt":{"rendered":"<p>Na \u00faltima quinta-feira, dia 9, o Conselho Diretivo do Observat\u00f3rio do Conhecimento se reuniu em Bras\u00edlia (DF) para debater e reafirmar quest\u00f5es or\u00e7ament\u00e1rias, plano de trabalho e tamb\u00e9m para avaliar as a\u00e7\u00f5es do Observat\u00f3rio at\u00e9 o momento. A presidenta da Apub, professora Raquel Nery, que tamb\u00e9m comp\u00f5e o Conselho juntamente com outros representantes de institui\u00e7\u00f5es [&hellip;]<\/p>\n","protected":false},"author":2,"featured_media":27734,"comment_status":"closed","ping_status":"closed","sticky":false,"template":"","format":"standard","meta":{"footnotes":""},"categories":[530,146],"tags":[646,613,691,692,614],"class_list":["post-27733","post","type-post","status-publish","format-standard","has-post-thumbnail","hentry","category-destaques-1","category-latest-news","tag-conselho","tag-defesa","tag-observatorio-do-conhecimento","tag-peticao","tag-universidade"],"_links":{"self":[{"href":"https:\/\/apub.org.br\/siteantigo\/wp-json\/wp\/v2\/posts\/27733","targetHints":{"allow":["GET"]}}],"collection":[{"href":"https:\/\/apub.org.br\/siteantigo\/wp-json\/wp\/v2\/posts"}],"about":[{"href":"https:\/\/apub.org.br\/siteantigo\/wp-json\/wp\/v2\/types\/post"}],"author":[{"embeddable":true,"href":"https:\/\/apub.org.br\/siteantigo\/wp-json\/wp\/v2\/users\/2"}],"replies":[{"embeddable":true,"href":"https:\/\/apub.org.br\/siteantigo\/wp-json\/wp\/v2\/comments?post=27733"}],"version-history":[{"count":0,"href":"https:\/\/apub.org.br\/siteantigo\/wp-json\/wp\/v2\/posts\/27733\/revisions"}],"wp:featuredmedia":[{"embeddable":true,"href":"https:\/\/apub.org.br\/siteantigo\/wp-json\/wp\/v2\/media\/27734"}],"wp:attachment":[{"href":"https:\/\/apub.org.br\/siteantigo\/wp-json\/wp\/v2\/media?parent=27733"}],"wp:term":[{"taxonomy":"category","embeddable":true,"href":"https:\/\/apub.org.br\/siteantigo\/wp-json\/wp\/v2\/categories?post=27733"},{"taxonomy":"post_tag","embeddable":true,"href":"https:\/\/apub.org.br\/siteantigo\/wp-json\/wp\/v2\/tags?post=27733"}],"curies":[{"name":"wp","href":"https:\/\/api.w.org\/{rel}","templated":true}]}}