{"id":28954,"date":"2019-08-22T15:57:20","date_gmt":"2019-08-22T15:57:20","guid":{"rendered":"http:\/\/apub.org.br\/?p=28954"},"modified":"2019-08-22T16:33:36","modified_gmt":"2019-08-22T16:33:36","slug":"vigilantes-realizam-assembleia-e-definem-paralisacao-de-24h","status":"publish","type":"post","link":"https:\/\/apub.org.br\/siteantigo\/vigilantes-realizam-assembleia-e-definem-paralisacao-de-24h\/","title":{"rendered":"Vigilantes realizam Assembleia e definem paralisa\u00e7\u00e3o de 24h"},"content":{"rendered":"\n<p>Na manh\u00e3 de hoje (22), trabalhadores\/as da seguran\u00e7a da UFBA realizaram uma Assembleia, na entrada do campus de Ondina da UFBA para discutir as condi\u00e7\u00f5es de trabalho e os cortes salariais como efeito da situa\u00e7\u00e3o or\u00e7ament\u00e1ria da Universidade. A Assembleia foi convocada pelo Sindvigilantes&nbsp;\u2013 Sindicato dos Vigilantes do Estado da Bahia e contou com a participa\u00e7\u00e3o da Apub. <\/p>\n\n\n\n<p>O presidente do Sindicato, Jos\u00e9 Boaventura falou sobre a situa\u00e7\u00e3o dos vigilantes, que como trabalhadores terceirizados s\u00e3o os primeiros a sofrerem os efeitos dos cortes de verbas e consequente asfixia financeira na Universidade. As\/os terceirizadas\/os est\u00e3o amea\u00e7ados por suspens\u00e3o dos sal\u00e1rios devido \u00e0 falta de repasse do pagamento da UFBA \u00e0s empresas e at\u00e9 de demiss\u00f5es do posto de trabalho por conta da necessidade de reestrutura\u00e7\u00e3o de contratos. Na ocasi\u00e3o, o Sindvigilantes entregou \u00e0 Reitoria um documento com propostas para contribuir com a gest\u00e3o da institui\u00e7\u00e3o neste per\u00edodo de crise. <\/p>\n\n\n\n<ul class=\"wp-block-gallery columns-2 is-cropped wp-block-gallery-1 is-layout-flex wp-block-gallery-is-layout-flex\"><li class=\"blocks-gallery-item\"><figure><img fetchpriority=\"high\" decoding=\"async\" width=\"900\" height=\"600\" src=\"http:\/\/apub.org.br\/wp-content\/uploads\/2019\/08\/IMG_5237.jpg\" alt=\"\" data-id=\"28956\" class=\"wp-image-28956\" srcset=\"https:\/\/apub.org.br\/siteantigo\/wp-content\/uploads\/2019\/08\/IMG_5237.jpg 900w, https:\/\/apub.org.br\/siteantigo\/wp-content\/uploads\/2019\/08\/IMG_5237-300x200.jpg 300w, https:\/\/apub.org.br\/siteantigo\/wp-content\/uploads\/2019\/08\/IMG_5237-768x512.jpg 768w\" sizes=\"(max-width: 900px) 100vw, 900px\" \/><\/figure><\/li><li class=\"blocks-gallery-item\"><figure><img decoding=\"async\" width=\"900\" height=\"600\" src=\"http:\/\/apub.org.br\/wp-content\/uploads\/2019\/08\/IMG_5226-1.jpg\" alt=\"\" data-id=\"28964\" data-link=\"http:\/\/apub.org.br\/?attachment_id=28964\" class=\"wp-image-28964\" srcset=\"https:\/\/apub.org.br\/siteantigo\/wp-content\/uploads\/2019\/08\/IMG_5226-1.jpg 900w, https:\/\/apub.org.br\/siteantigo\/wp-content\/uploads\/2019\/08\/IMG_5226-1-300x200.jpg 300w, https:\/\/apub.org.br\/siteantigo\/wp-content\/uploads\/2019\/08\/IMG_5226-1-768x512.jpg 768w\" sizes=\"(max-width: 900px) 100vw, 900px\" \/><\/figure><\/li><\/ul>\n\n\n\n<p>A presidenta do sindicato, Raquel Nery e a diretora Marta L\u00edcia de Jesus prestaram solidariedade aos trabalhadores terceirizados e declararam o apoio \u00e0s reivindica\u00e7\u00f5es da categoria, conforme foi deliberado em Assembleia do dia 07 de agosto. A professora Raquel, na oportunidade de fala, abordou a atual conjuntura de ataques \u00e0s Universidades p\u00fablicas e de cortes na Educa\u00e7\u00e3o como parte da pol\u00edtica do atual governo, apontando a movimenta\u00e7\u00e3o e luta dos diversos setores da sociedade para o enfrentamento ao cen\u00e1rio. Ressaltou ainda que os funcion\u00e1rios terceirizados s\u00e3o tamb\u00e9m trabalhadores da Educa\u00e7\u00e3o, comp\u00f5em com seu trabalho o sistema educativo. <\/p>\n\n\n\n<p>A Professora Marta L\u00edcia, por sua vez, destacou a import\u00e2ncia da unidade entre as categorias de trabalhadores\/as da Universidade \u2013 docentes, t\u00e9cnicos-administrativos, vigilantes, servi\u00e7os gerais \u2013 e estudantes. Al\u00e9m disso, colocou a Apub \u00e0 disposi\u00e7\u00e3o para realizar conjuntamente uma campanha de valoriza\u00e7\u00e3o do trabalho e das\/os trabalhadores\/as terceirizadas\/os, que atuam em servi\u00e7os essenciais para a vida da Universidade e que t\u00eam as rela\u00e7\u00f5es de trabalho mais precarizadas.<\/p>\n\n\n\n<ul class=\"wp-block-gallery columns-2 is-cropped wp-block-gallery-2 is-layout-flex wp-block-gallery-is-layout-flex\"><li class=\"blocks-gallery-item\"><figure><img decoding=\"async\" width=\"1024\" height=\"768\" src=\"http:\/\/apub.org.br\/wp-content\/uploads\/2019\/08\/WhatsApp-Image-2019-08-22-at-09.20.42-1-1024x768.jpeg\" alt=\"\" data-id=\"28958\" class=\"wp-image-28958\" srcset=\"https:\/\/apub.org.br\/siteantigo\/wp-content\/uploads\/2019\/08\/WhatsApp-Image-2019-08-22-at-09.20.42-1-1024x768.jpeg 1024w, https:\/\/apub.org.br\/siteantigo\/wp-content\/uploads\/2019\/08\/WhatsApp-Image-2019-08-22-at-09.20.42-1-300x225.jpeg 300w, https:\/\/apub.org.br\/siteantigo\/wp-content\/uploads\/2019\/08\/WhatsApp-Image-2019-08-22-at-09.20.42-1-768x576.jpeg 768w, https:\/\/apub.org.br\/siteantigo\/wp-content\/uploads\/2019\/08\/WhatsApp-Image-2019-08-22-at-09.20.42-1.jpeg 1040w\" sizes=\"(max-width: 1024px) 100vw, 1024px\" \/><\/figure><\/li><li class=\"blocks-gallery-item\"><figure><img loading=\"lazy\" decoding=\"async\" width=\"1024\" height=\"768\" src=\"http:\/\/apub.org.br\/wp-content\/uploads\/2019\/08\/WhatsApp-Image-2019-08-22-at-09.20.42-2-1024x768.jpeg\" alt=\"\" data-id=\"28961\" data-link=\"http:\/\/apub.org.br\/?attachment_id=28961\" class=\"wp-image-28961\" srcset=\"https:\/\/apub.org.br\/siteantigo\/wp-content\/uploads\/2019\/08\/WhatsApp-Image-2019-08-22-at-09.20.42-2-1024x768.jpeg 1024w, https:\/\/apub.org.br\/siteantigo\/wp-content\/uploads\/2019\/08\/WhatsApp-Image-2019-08-22-at-09.20.42-2-300x225.jpeg 300w, https:\/\/apub.org.br\/siteantigo\/wp-content\/uploads\/2019\/08\/WhatsApp-Image-2019-08-22-at-09.20.42-2-768x576.jpeg 768w, https:\/\/apub.org.br\/siteantigo\/wp-content\/uploads\/2019\/08\/WhatsApp-Image-2019-08-22-at-09.20.42-2.jpeg 1040w\" sizes=\"(max-width: 1024px) 100vw, 1024px\" \/><\/figure><\/li><\/ul>\n\n\n\n<p>Como encaminhamento, os vigilantes aprovaram paralisa\u00e7\u00e3o dos trabalhos por 24h, durante esta quinta-feira.<\/p>\n\n\n\n<p><\/p>\n\n\n\n<p><\/p>\n","protected":false},"excerpt":{"rendered":"<p>Na manh\u00e3 de hoje (22), trabalhadores\/as da seguran\u00e7a da UFBA realizaram uma Assembleia, na entrada do campus de Ondina da UFBA para discutir as condi\u00e7\u00f5es de trabalho e os cortes salariais como efeito da situa\u00e7\u00e3o or\u00e7ament\u00e1ria da Universidade. A Assembleia foi convocada pelo Sindvigilantes&nbsp;\u2013 Sindicato dos Vigilantes do Estado da Bahia e contou com a [&hellip;]<\/p>\n","protected":false},"author":2,"featured_media":28955,"comment_status":"closed","ping_status":"closed","sticky":false,"template":"","format":"standard","meta":{"footnotes":""},"categories":[146],"tags":[],"class_list":["post-28954","post","type-post","status-publish","format-standard","has-post-thumbnail","hentry","category-latest-news"],"_links":{"self":[{"href":"https:\/\/apub.org.br\/siteantigo\/wp-json\/wp\/v2\/posts\/28954","targetHints":{"allow":["GET"]}}],"collection":[{"href":"https:\/\/apub.org.br\/siteantigo\/wp-json\/wp\/v2\/posts"}],"about":[{"href":"https:\/\/apub.org.br\/siteantigo\/wp-json\/wp\/v2\/types\/post"}],"author":[{"embeddable":true,"href":"https:\/\/apub.org.br\/siteantigo\/wp-json\/wp\/v2\/users\/2"}],"replies":[{"embeddable":true,"href":"https:\/\/apub.org.br\/siteantigo\/wp-json\/wp\/v2\/comments?post=28954"}],"version-history":[{"count":0,"href":"https:\/\/apub.org.br\/siteantigo\/wp-json\/wp\/v2\/posts\/28954\/revisions"}],"wp:featuredmedia":[{"embeddable":true,"href":"https:\/\/apub.org.br\/siteantigo\/wp-json\/wp\/v2\/media\/28955"}],"wp:attachment":[{"href":"https:\/\/apub.org.br\/siteantigo\/wp-json\/wp\/v2\/media?parent=28954"}],"wp:term":[{"taxonomy":"category","embeddable":true,"href":"https:\/\/apub.org.br\/siteantigo\/wp-json\/wp\/v2\/categories?post=28954"},{"taxonomy":"post_tag","embeddable":true,"href":"https:\/\/apub.org.br\/siteantigo\/wp-json\/wp\/v2\/tags?post=28954"}],"curies":[{"name":"wp","href":"https:\/\/api.w.org\/{rel}","templated":true}]}}