{"id":29016,"date":"2019-08-23T21:20:28","date_gmt":"2019-08-23T21:20:28","guid":{"rendered":"http:\/\/apub.org.br\/?p=29016"},"modified":"2019-08-23T21:20:29","modified_gmt":"2019-08-23T21:20:29","slug":"professores-e-estudantes-realizam-exposicao-de-atividades-da-ufba-em-praca-publica","status":"publish","type":"post","link":"https:\/\/apub.org.br\/siteantigo\/professores-e-estudantes-realizam-exposicao-de-atividades-da-ufba-em-praca-publica\/","title":{"rendered":"Professores e estudantes realizam exposi\u00e7\u00e3o de atividades da UFBA em pra\u00e7a p\u00fablica"},"content":{"rendered":"\n<p><em>O evento \u201cUniversidade na Pra\u00e7a\u201d ser\u00e1 realizado no dia 30 de agosto, a partir das 10h, no Campo da P\u00f3lvora, em Salvador.<\/em><\/p>\n\n\n\n<p>Abrir o di\u00e1logo com&nbsp; a sociedade\nsobre a import\u00e2ncia da produ\u00e7\u00e3o do conhecimento &#8211;&nbsp; em diferentes modalidades \u2013 na vida\ncotidiana, aproximar potenciais estudantes, em especial secundaristas de\nescolas p\u00fablicas da Universidade e defender seu car\u00e1ter democr\u00e1tico e diverso\ns\u00e3o os objetivos do evento \u201cUniversidade na Pra\u00e7a \u2013 A UFBA \u00e9 nossa\u201d que\nacontece no dia 30 de agosto, entre 10h e 20h, no Campo da P\u00f3lvora, em Nazar\u00e9,\nSalvador. A atividade foi idealizada pela Apub \u2013 Sindicato dos Professores das\nInstitui\u00e7\u00f5es Federais de Ensino Superior da Bahia e organizada com o apoio da\ncomunidade universit\u00e1ria da UFBA. <\/p>\n\n\n\n<p>O \u201cUniversidade na\nPra\u00e7a\u201d consiste numa exposi\u00e7\u00e3o multidisciplinar de trabalhos, projetos,\natividades e experimentos produzidos pela comunidade UFBA, abarcando ensino,\npesquisa e extens\u00e3o, que comp\u00f5em o trip\u00e9 acad\u00eamico. A programa\u00e7\u00e3o foi pensada\npara explicar a relev\u00e2ncia e o amplo papel social da Universidade P\u00fablica, que\nvai al\u00e9m da forma\u00e7\u00e3o de profissionais para o mercado de trabalho. Durante o\nevento ocorrer\u00e3o apresenta\u00e7\u00f5es art\u00edsticas diversas (dan\u00e7as, m\u00fasica, poesia),\noficinas, rodas de conversa, exposi\u00e7\u00e3o de prot\u00f3tipos (jogos educativos, rob\u00f4s,\netc.) e materiais, atividades educativas para crian\u00e7as, entre outros trabalhos\nnos mais diversos formatos, produzidos por docentes e estudantes de mais de\nvinte faculdades, escolas e institutos da UFBA. <\/p>\n\n\n\n<p>A exposi\u00e7\u00e3o ser\u00e1 distribu\u00edda entre o palco e dez tendas tem\u00e1ticas, que\nser\u00e3o: Estudantes e UFBA; Artes e Linguagens; UFBA e Sociedade; Humanidades na\nUFBA; UFBA e Sustentabilidade; Ci\u00eancia e Tecnologia na UFBA; UFBA e Inova\u00e7\u00e3o e\nTecnologia Social; UFBA e Sa\u00fade; UFBA, Mem\u00f3ria e Patrim\u00f4nio; UFBA e as inf\u00e2ncias.\nCada tenda tamb\u00e9m homenagear\u00e1 uma personalidade vinculada \u00e0 Universidade e com\ndestaque na hist\u00f3ria da sociedade baiana e brasileira. <\/p>\n\n\n\n<p>\u201cUniversidade na Pra\u00e7a\u201d ser\u00e1 um evento gratuito e aberto ao p\u00fablico e\npretende alcan\u00e7ar, principalmente, estudantes de ensino m\u00e9dio da rede p\u00fablica. <\/p>\n\n\n\n<p><strong>SERVI\u00c7O<\/strong><\/p>\n\n\n\n<p>O QU\u00ca: Universidade na Pra\u00e7a \u2013 a UFBA \u00e9 nossa!<br>QUANDO: Dia 30 de agosto<br>HOR\u00c1RIO: Das 10h \u00e0s 20h<br>LOCAL: Campo da P\u00f3lvora, Nazar\u00e9, Salvador<br><em>Entrada Franca<\/em><br><em>Realiza\u00e7\u00e3o:<\/em> Apub Sindicato\u00a0<\/p>\n","protected":false},"excerpt":{"rendered":"<p>O evento \u201cUniversidade na Pra\u00e7a\u201d ser\u00e1 realizado no dia 30 de agosto, a partir das 10h, no Campo da P\u00f3lvora, em Salvador. Abrir o di\u00e1logo com&nbsp; a sociedade sobre a import\u00e2ncia da produ\u00e7\u00e3o do conhecimento &#8211;&nbsp; em diferentes modalidades \u2013 na vida cotidiana, aproximar potenciais estudantes, em especial secundaristas de escolas p\u00fablicas da Universidade e [&hellip;]<\/p>\n","protected":false},"author":2,"featured_media":29017,"comment_status":"closed","ping_status":"closed","sticky":false,"template":"","format":"standard","meta":{"footnotes":""},"categories":[530,139,144,146],"tags":[],"class_list":["post-29016","post","type-post","status-publish","format-standard","has-post-thumbnail","hentry","category-destaques-1","category-educacao","category-ufba-latest-news","category-latest-news"],"_links":{"self":[{"href":"https:\/\/apub.org.br\/siteantigo\/wp-json\/wp\/v2\/posts\/29016","targetHints":{"allow":["GET"]}}],"collection":[{"href":"https:\/\/apub.org.br\/siteantigo\/wp-json\/wp\/v2\/posts"}],"about":[{"href":"https:\/\/apub.org.br\/siteantigo\/wp-json\/wp\/v2\/types\/post"}],"author":[{"embeddable":true,"href":"https:\/\/apub.org.br\/siteantigo\/wp-json\/wp\/v2\/users\/2"}],"replies":[{"embeddable":true,"href":"https:\/\/apub.org.br\/siteantigo\/wp-json\/wp\/v2\/comments?post=29016"}],"version-history":[{"count":0,"href":"https:\/\/apub.org.br\/siteantigo\/wp-json\/wp\/v2\/posts\/29016\/revisions"}],"wp:featuredmedia":[{"embeddable":true,"href":"https:\/\/apub.org.br\/siteantigo\/wp-json\/wp\/v2\/media\/29017"}],"wp:attachment":[{"href":"https:\/\/apub.org.br\/siteantigo\/wp-json\/wp\/v2\/media?parent=29016"}],"wp:term":[{"taxonomy":"category","embeddable":true,"href":"https:\/\/apub.org.br\/siteantigo\/wp-json\/wp\/v2\/categories?post=29016"},{"taxonomy":"post_tag","embeddable":true,"href":"https:\/\/apub.org.br\/siteantigo\/wp-json\/wp\/v2\/tags?post=29016"}],"curies":[{"name":"wp","href":"https:\/\/api.w.org\/{rel}","templated":true}]}}