{"id":30809,"date":"2019-11-08T23:11:08","date_gmt":"2019-11-08T23:11:08","guid":{"rendered":"http:\/\/apub.org.br\/?p=30809"},"modified":"2019-11-08T23:11:10","modified_gmt":"2019-11-08T23:11:10","slug":"proifes-e-apub-participam-de-congresso-internacional-de-trabalhadores-da-educacao","status":"publish","type":"post","link":"https:\/\/apub.org.br\/siteantigo\/proifes-e-apub-participam-de-congresso-internacional-de-trabalhadores-da-educacao\/","title":{"rendered":"Proifes e Apub participam de Congresso Internacional de trabalhadores da educa\u00e7\u00e3o"},"content":{"rendered":"\n<p>Entre os dias 05 e 06, aconteceu o Congresso Internacional \u201cA Universidade como direito: perspectivas desde o sul\u201d, promovido pela CONADU \u2013 Federa\u00e7\u00e3o Nacional de Docentes Universit\u00e1rios da Argentina. O PROIFES-Federa\u00e7\u00e3o participou representado pelo diretor Eduardo Rolim e pela professora Marta L\u00edcia de Jesus, diretora da Apub. <\/p>\n\n\n\n<p>No dia anterior (04), foi realizada uma reuni\u00e3o de sindicatos de trabalhadoras\/es da educa\u00e7\u00e3o, na qual cada um falou sobre sua situa\u00e7\u00e3o no contexto dos pa\u00edses da Am\u00e9rica Latina. Rolim contribuiu abordando o contexto pol\u00edtico-econ\u00f4mico do Brasil e Marta trouxe os desafios para defender as Universidades e Institutos Federais, assim como reflex\u00f5es sobre o avan\u00e7o da privatiza\u00e7\u00e3o do ensino superior. Al\u00e9m disso, pautou a defesa das pol\u00edticas de acesso e perman\u00eancia de estudantes pobres, pretas\/os e LGBTQ+ e frisou como o atual governo e o desmonte da educa\u00e7\u00e3o atinge mais diretamente as regi\u00f5es Norte e Nordeste do pa\u00eds. <\/p>\n\n\n\n<p>No primeiro dia do Congresso, dia 05, Eduardo Rolim participou da mesa \u201cDireitos na Universidade: mercantiliza\u00e7\u00e3o e precariza\u00e7\u00e3o do trabalho\u201d, representando o Brasil. Durante o Congresso, foi lan\u00e7ado o novo relat\u00f3rio, produzido pela CONADU, que traz uma pesquisa sobre o avan\u00e7o da privatiza\u00e7\u00e3o do ensino superior na Am\u00e9rica Latina (<a href=\"https:\/\/issuu.com\/educationinternational\/docs\/tendencias_de_privatizacion_final_ok__digital_?fr=sODQ3NDQxMzY3Ng\ufeff\">veja aqui<\/a>). Marta participou tamb\u00e9m, no dia 06, do III Encontro contra o Neoliberalismo, por uma Universidade democr\u00e1tica, popular e feminista; ela apontou, dentro dos debates e provoca\u00e7\u00f5es sobre como as organiza\u00e7\u00f5es podem contribuir para uma pedagogia decolonial, como o pensamento de Paulo Freire \u00e9 uma pot\u00eancia para pensar uma pedagogia mais solid\u00e1ria, emancipat\u00f3ria.\u00a0<br><\/p>\n","protected":false},"excerpt":{"rendered":"<p>Entre os dias 05 e 06, aconteceu o Congresso Internacional \u201cA Universidade como direito: perspectivas desde o sul\u201d, promovido pela CONADU \u2013 Federa\u00e7\u00e3o Nacional de Docentes Universit\u00e1rios da Argentina. O PROIFES-Federa\u00e7\u00e3o participou representado pelo diretor Eduardo Rolim e pela professora Marta L\u00edcia de Jesus, diretora da Apub. No dia anterior (04), foi realizada uma reuni\u00e3o [&hellip;]<\/p>\n","protected":false},"author":2,"featured_media":30810,"comment_status":"closed","ping_status":"closed","sticky":false,"template":"","format":"standard","meta":{"footnotes":""},"categories":[530,146],"tags":[],"class_list":["post-30809","post","type-post","status-publish","format-standard","has-post-thumbnail","hentry","category-destaques-1","category-latest-news"],"_links":{"self":[{"href":"https:\/\/apub.org.br\/siteantigo\/wp-json\/wp\/v2\/posts\/30809","targetHints":{"allow":["GET"]}}],"collection":[{"href":"https:\/\/apub.org.br\/siteantigo\/wp-json\/wp\/v2\/posts"}],"about":[{"href":"https:\/\/apub.org.br\/siteantigo\/wp-json\/wp\/v2\/types\/post"}],"author":[{"embeddable":true,"href":"https:\/\/apub.org.br\/siteantigo\/wp-json\/wp\/v2\/users\/2"}],"replies":[{"embeddable":true,"href":"https:\/\/apub.org.br\/siteantigo\/wp-json\/wp\/v2\/comments?post=30809"}],"version-history":[{"count":0,"href":"https:\/\/apub.org.br\/siteantigo\/wp-json\/wp\/v2\/posts\/30809\/revisions"}],"wp:featuredmedia":[{"embeddable":true,"href":"https:\/\/apub.org.br\/siteantigo\/wp-json\/wp\/v2\/media\/30810"}],"wp:attachment":[{"href":"https:\/\/apub.org.br\/siteantigo\/wp-json\/wp\/v2\/media?parent=30809"}],"wp:term":[{"taxonomy":"category","embeddable":true,"href":"https:\/\/apub.org.br\/siteantigo\/wp-json\/wp\/v2\/categories?post=30809"},{"taxonomy":"post_tag","embeddable":true,"href":"https:\/\/apub.org.br\/siteantigo\/wp-json\/wp\/v2\/tags?post=30809"}],"curies":[{"name":"wp","href":"https:\/\/api.w.org\/{rel}","templated":true}]}}