{"id":32057,"date":"2020-05-26T17:12:41","date_gmt":"2020-05-26T17:12:41","guid":{"rendered":"http:\/\/apub.org.br\/?p=32057"},"modified":"2020-05-26T17:24:38","modified_gmt":"2020-05-26T17:24:38","slug":"apub-lamenta-o-falecimento-do-pastor-djalma-torres","status":"publish","type":"post","link":"https:\/\/apub.org.br\/siteantigo\/apub-lamenta-o-falecimento-do-pastor-djalma-torres\/","title":{"rendered":"Apub lamenta o falecimento do pastor e militante Djalma Torres"},"content":{"rendered":"\n<p>A Apub expressa seu pesar pelo falecimento do Pastor Djalma Torres, refer\u00eancia importante na hist\u00f3ria das lutas contra a ditadura militar, a intoler\u00e2ncia e pelo di\u00e1logo inter-religioso. <\/p>\n\n\n\n<p>Intelectual e militante, sua a\u00e7\u00e3o foi sempre a favor da uni\u00e3o de todos em defesa da liberdade, da igualdade e dos direitos humanos. Sua a\u00e7\u00e3o corajosa enfrentando os conservadores e reacion\u00e1rios durante a ditadura militar levou-o a acolher perseguidos pol\u00edticos e religiosos e apoiar a cria\u00e7\u00e3o da Igreja Batista Nazareth, que dirigiu durante muitos anos e  funciona at\u00e9 hoje como centro de reflex\u00e3o e a\u00e7\u00e3o ecum\u00eanica e democratizante. <\/p>\n\n\n\n<p>No momento em que paira sobre n\u00f3s a sombra tenebrosa do \u00f3dio e do autoritarismo, conservemos como em relic\u00e1rio sua mem\u00f3ria e legado, est\u00edmulos \u00e0 permanente luta pela democracia.<\/p>\n","protected":false},"excerpt":{"rendered":"<p>A Apub expressa seu pesar pelo falecimento do Pastor Djalma Torres, refer\u00eancia importante na hist\u00f3ria das lutas contra a ditadura militar, a intoler\u00e2ncia e pelo di\u00e1logo inter-religioso. Intelectual e militante, sua a\u00e7\u00e3o foi sempre a favor da uni\u00e3o de todos em defesa da liberdade, da igualdade e dos direitos humanos. Sua a\u00e7\u00e3o corajosa enfrentando os [&hellip;]<\/p>\n","protected":false},"author":2,"featured_media":32060,"comment_status":"closed","ping_status":"closed","sticky":false,"template":"","format":"standard","meta":{"footnotes":""},"categories":[138,146],"tags":[],"class_list":["post-32057","post","type-post","status-publish","format-standard","has-post-thumbnail","hentry","category-deixaram-saudades","category-latest-news"],"_links":{"self":[{"href":"https:\/\/apub.org.br\/siteantigo\/wp-json\/wp\/v2\/posts\/32057","targetHints":{"allow":["GET"]}}],"collection":[{"href":"https:\/\/apub.org.br\/siteantigo\/wp-json\/wp\/v2\/posts"}],"about":[{"href":"https:\/\/apub.org.br\/siteantigo\/wp-json\/wp\/v2\/types\/post"}],"author":[{"embeddable":true,"href":"https:\/\/apub.org.br\/siteantigo\/wp-json\/wp\/v2\/users\/2"}],"replies":[{"embeddable":true,"href":"https:\/\/apub.org.br\/siteantigo\/wp-json\/wp\/v2\/comments?post=32057"}],"version-history":[{"count":0,"href":"https:\/\/apub.org.br\/siteantigo\/wp-json\/wp\/v2\/posts\/32057\/revisions"}],"wp:featuredmedia":[{"embeddable":true,"href":"https:\/\/apub.org.br\/siteantigo\/wp-json\/wp\/v2\/media\/32060"}],"wp:attachment":[{"href":"https:\/\/apub.org.br\/siteantigo\/wp-json\/wp\/v2\/media?parent=32057"}],"wp:term":[{"taxonomy":"category","embeddable":true,"href":"https:\/\/apub.org.br\/siteantigo\/wp-json\/wp\/v2\/categories?post=32057"},{"taxonomy":"post_tag","embeddable":true,"href":"https:\/\/apub.org.br\/siteantigo\/wp-json\/wp\/v2\/tags?post=32057"}],"curies":[{"name":"wp","href":"https:\/\/api.w.org\/{rel}","templated":true}]}}