{"id":32064,"date":"2020-05-28T14:12:51","date_gmt":"2020-05-28T14:12:51","guid":{"rendered":"http:\/\/apub.org.br\/?p=32064"},"modified":"2020-05-28T18:38:04","modified_gmt":"2020-05-28T18:38:04","slug":"governo-encaminha-projeto-do-future-se-ao-congresso-nacional","status":"publish","type":"post","link":"https:\/\/apub.org.br\/siteantigo\/governo-encaminha-projeto-do-future-se-ao-congresso-nacional\/","title":{"rendered":"Governo encaminha projeto do Future-se ao Congresso Nacional"},"content":{"rendered":"\n<p>Ontem, 27, o governo federal publicou no Di\u00e1rio Oficial da Uni\u00e3o a mensagem N\u00ba 302, encaminhando ao Congresso Nacional o projeto de lei do programa FUTURE-SE. A mat\u00e9ria aparece, praticamente escondida, ao final da publica\u00e7\u00e3o do D.O.U (<a href=\"https:\/\/bit.ly\/3cafACj\">veja aqui<\/a>), mas o governo ainda n\u00e3o divulgou o texto do projeto. <\/p>\n\n\n\n<p>Independente das modifica\u00e7\u00f5es no conte\u00fado, a Apub mant\u00e9m sua posi\u00e7\u00e3o de rejei\u00e7\u00e3o ao Future-se assim como quaisquer outras propostas constru\u00eddas unilateralmente e que atentem contra o projeto de Universidade p\u00fablica gratuita e contra a autonomia universit\u00e1ria nos \u00e2mbitos da gest\u00e3o financeira, administrativa e did\u00e1tico-cient\u00edfica. <\/p>\n\n\n\n<p>Em 2019, a Apub se manteve em constante mobiliza\u00e7\u00e3o contra o projeto, juntamente com o PROIFES-Federa\u00e7\u00e3o e demais entidades ligadas \u00e0 educa\u00e7\u00e3o. O sindicato realizou al\u00e9m de den\u00fancias, visitas nas unidades para discutir detalhadamente com as\/os professoras\/es o teor da proposta e atos &#8211; com destaque para a <a rel=\"noreferrer noopener\" aria-label=\"plen\u00e1ria e ato unificado das entidades representativas da UFBA (abre em uma nova aba)\" href=\"http:\/\/www.apub.org.br\/comunidade-ufba-diz-nao-ao-future-se-em-dia-de-mobilizacao\/\" target=\"_blank\">plen\u00e1ria e ato unificado das entidades representativas da UFBA,\u00a0realizada\u00a0no\u00a0dia\u00a026\u00a0de\u00a0setembro<\/a> &#8211; Apub, Assufba, DCE, Sindilimp e Sindvigilantes que rejeitou a ades\u00e3o da Universidade ao Future-se. As mobiliza\u00e7\u00f5es em todo o pa\u00eds resultaram na paralisa\u00e7\u00e3o da tramita\u00e7\u00e3o do projeto at\u00e9 o momento, mas n\u00e3o derrotaram os interesses do governo aliado \u00e0s corpora\u00e7\u00f5es de educa\u00e7\u00e3o privada e ao mercado financeiro.<\/p>\n\n\n\n<p>Ressalta-se ainda a tentativa do governo de aprova-lo justamente agora, em meio \u00e0 grave crise sanit\u00e1ria no pa\u00eds &#8211; sobre a qual o governo \u00e9 omisso e incapaz de gerir, enquanto as Universidades p\u00fablicas demonstram sua capacidade e compromisso no combate \u00e0 pandemia da Covid-19. <br><\/p>\n\n\n\n<p>A Apub se mant\u00e9m atenta e mobilizada para defender a Universidade p\u00fablica, gratuita, aut\u00f4noma e grande respons\u00e1vel pela produ\u00e7\u00e3o cient\u00edfica do pa\u00eds.<\/p>\n","protected":false},"excerpt":{"rendered":"<p>Ontem, 27, o governo federal publicou no Di\u00e1rio Oficial da Uni\u00e3o a mensagem N\u00ba 302, encaminhando ao Congresso Nacional o projeto de lei do programa FUTURE-SE. A mat\u00e9ria aparece, praticamente escondida, ao final da publica\u00e7\u00e3o do D.O.U (veja aqui), mas o governo ainda n\u00e3o divulgou o texto do projeto. Independente das modifica\u00e7\u00f5es no conte\u00fado, a [&hellip;]<\/p>\n","protected":false},"author":2,"featured_media":30641,"comment_status":"closed","ping_status":"closed","sticky":false,"template":"","format":"standard","meta":{"footnotes":""},"categories":[530,146],"tags":[],"class_list":["post-32064","post","type-post","status-publish","format-standard","has-post-thumbnail","hentry","category-destaques-1","category-latest-news"],"_links":{"self":[{"href":"https:\/\/apub.org.br\/siteantigo\/wp-json\/wp\/v2\/posts\/32064","targetHints":{"allow":["GET"]}}],"collection":[{"href":"https:\/\/apub.org.br\/siteantigo\/wp-json\/wp\/v2\/posts"}],"about":[{"href":"https:\/\/apub.org.br\/siteantigo\/wp-json\/wp\/v2\/types\/post"}],"author":[{"embeddable":true,"href":"https:\/\/apub.org.br\/siteantigo\/wp-json\/wp\/v2\/users\/2"}],"replies":[{"embeddable":true,"href":"https:\/\/apub.org.br\/siteantigo\/wp-json\/wp\/v2\/comments?post=32064"}],"version-history":[{"count":0,"href":"https:\/\/apub.org.br\/siteantigo\/wp-json\/wp\/v2\/posts\/32064\/revisions"}],"wp:featuredmedia":[{"embeddable":true,"href":"https:\/\/apub.org.br\/siteantigo\/wp-json\/wp\/v2\/media\/30641"}],"wp:attachment":[{"href":"https:\/\/apub.org.br\/siteantigo\/wp-json\/wp\/v2\/media?parent=32064"}],"wp:term":[{"taxonomy":"category","embeddable":true,"href":"https:\/\/apub.org.br\/siteantigo\/wp-json\/wp\/v2\/categories?post=32064"},{"taxonomy":"post_tag","embeddable":true,"href":"https:\/\/apub.org.br\/siteantigo\/wp-json\/wp\/v2\/tags?post=32064"}],"curies":[{"name":"wp","href":"https:\/\/api.w.org\/{rel}","templated":true}]}}