{"id":32070,"date":"2020-05-28T20:57:37","date_gmt":"2020-05-28T20:57:37","guid":{"rendered":"http:\/\/apub.org.br\/?p=32070"},"modified":"2020-05-29T12:21:37","modified_gmt":"2020-05-29T12:21:37","slug":"nota-de-pesar-pelo-falecimento-do-professor-james-jose-de-farias","status":"publish","type":"post","link":"https:\/\/apub.org.br\/siteantigo\/nota-de-pesar-pelo-falecimento-do-professor-james-jose-de-farias\/","title":{"rendered":"Nota de pesar pelo falecimento do professor James Jos\u00e9 de Farias"},"content":{"rendered":"\n<p>Em nome da APUB SINDICATO, lamentamos o falecimento do professor aposentado James Jos\u00e9 de Farias (24\/02\/1935-28\/05\/2020). Foi professor da Faculdade de Arquitetura da UFBA e integrou a equipe do IAPSEB\/SESAB, colaborando com in\u00fameros projetos voltados \u00e0 arquitetura hospitalar e \u00e0 produ\u00e7\u00e3o de habita\u00e7\u00e3o popular. James foi tamb\u00e9m um dos respons\u00e1veis pelo projeto da sede do edif\u00edcio do IAB-BA (Instituto dos Arquitetos do Brasil), constru\u00eddo entre 1963 e 1965, em plena ditadura militar. <br><\/p>\n\n\n\n<p>Arquiteto atuante em v\u00e1rias frentes e conhecido por sua \u00e9tica profissional, foi um dos pioneiros de Extens\u00e3o na UFBA &#8211; sua participa\u00e7\u00e3o e experi\u00eancia no Projeto Cansan\u00e7\u00e3o resultou na disserta\u00e7\u00e3o de mestrado intitulada Organiza\u00e7\u00e3o Espacial nas Pr\u00e1ticas Comunit\u00e1rias, apresentada ao PPG-AU\/FAUFBA em 1992, sob orienta\u00e7\u00e3o do professor Pasqualino Magnavita. <br><\/p>\n\n\n\n<p>Muito querido por estudantes e colegas por sua conduta, generosidade e profissionalismo, sempre carregava um sorriso sereno e tranquilo. Foi um profissional combatente e engajado na luta por uma sociedade mais justa e igualit\u00e1ria.<br><\/p>\n\n\n\n<p>A crema\u00e7\u00e3o ocorreu hoje \u00e0 tarde, \u00e0s 14h, no Cemit\u00e9rio Jardim da Saudade.<br>Manifestamos nossos sinceros sentimentos de solidariedade aos familiares, colegas e amigos pela perda em um momento t\u00e3o delicado do nosso pa\u00eds. James deixa quatro filhos: Jader, Jenner, Janos e Jan.<\/p>\n","protected":false},"excerpt":{"rendered":"<p>Em nome da APUB SINDICATO, lamentamos o falecimento do professor aposentado James Jos\u00e9 de Farias (24\/02\/1935-28\/05\/2020). Foi professor da Faculdade de Arquitetura da UFBA e integrou a equipe do IAPSEB\/SESAB, colaborando com in\u00fameros projetos voltados \u00e0 arquitetura hospitalar e \u00e0 produ\u00e7\u00e3o de habita\u00e7\u00e3o popular. James foi tamb\u00e9m um dos respons\u00e1veis pelo projeto da sede do [&hellip;]<\/p>\n","protected":false},"author":2,"featured_media":32071,"comment_status":"closed","ping_status":"closed","sticky":false,"template":"","format":"standard","meta":{"footnotes":""},"categories":[146],"tags":[],"class_list":["post-32070","post","type-post","status-publish","format-standard","has-post-thumbnail","hentry","category-latest-news"],"_links":{"self":[{"href":"https:\/\/apub.org.br\/siteantigo\/wp-json\/wp\/v2\/posts\/32070","targetHints":{"allow":["GET"]}}],"collection":[{"href":"https:\/\/apub.org.br\/siteantigo\/wp-json\/wp\/v2\/posts"}],"about":[{"href":"https:\/\/apub.org.br\/siteantigo\/wp-json\/wp\/v2\/types\/post"}],"author":[{"embeddable":true,"href":"https:\/\/apub.org.br\/siteantigo\/wp-json\/wp\/v2\/users\/2"}],"replies":[{"embeddable":true,"href":"https:\/\/apub.org.br\/siteantigo\/wp-json\/wp\/v2\/comments?post=32070"}],"version-history":[{"count":0,"href":"https:\/\/apub.org.br\/siteantigo\/wp-json\/wp\/v2\/posts\/32070\/revisions"}],"wp:featuredmedia":[{"embeddable":true,"href":"https:\/\/apub.org.br\/siteantigo\/wp-json\/wp\/v2\/media\/32071"}],"wp:attachment":[{"href":"https:\/\/apub.org.br\/siteantigo\/wp-json\/wp\/v2\/media?parent=32070"}],"wp:term":[{"taxonomy":"category","embeddable":true,"href":"https:\/\/apub.org.br\/siteantigo\/wp-json\/wp\/v2\/categories?post=32070"},{"taxonomy":"post_tag","embeddable":true,"href":"https:\/\/apub.org.br\/siteantigo\/wp-json\/wp\/v2\/tags?post=32070"}],"curies":[{"name":"wp","href":"https:\/\/api.w.org\/{rel}","templated":true}]}}