{"id":32074,"date":"2020-05-29T16:21:41","date_gmt":"2020-05-29T16:21:41","guid":{"rendered":"http:\/\/apub.org.br\/?p=32074"},"modified":"2020-05-29T16:37:51","modified_gmt":"2020-05-29T16:37:51","slug":"apub-no-congresso-virtual-ufba-confira-como-foi-a-participacao-do-sindicato","status":"publish","type":"post","link":"https:\/\/apub.org.br\/siteantigo\/apub-no-congresso-virtual-ufba-confira-como-foi-a-participacao-do-sindicato\/","title":{"rendered":"Apub no Congresso Virtual UFBA: confira como foi a participa\u00e7\u00e3o do sindicato"},"content":{"rendered":"\n<p>Ao longo das duas \u00faltimas semanas, a Apub promoveu uma programa\u00e7\u00e3o pr\u00f3pria no Congresso Virtual da UFBA 2020 &#8211; Universidade em Movimento, que teve in\u00edcio no dia 18 e termina hoje (29).  A diversidade dos temas que foram debatidos nas mesas promovidas  e apoiadas pelo sindicato demonstra a interface da entidade com quest\u00f5es fundamentais na sociedade e a necessidade de articula\u00e7\u00f5es mais amplas entre os setores e organiza\u00e7\u00f5es para atravessamento deste per\u00edodo de crise sanit\u00e1ria, pol\u00edtica e humanit\u00e1ria no Brasil. <\/p>\n\n\n\n<p>Confira abaixo como se deu a participa\u00e7\u00e3o da Apub e os diversos temas debatidos:<\/p>\n\n\n\n<p>O sindicato participou com nove atividades ao todo, sendo proponente direto de tr\u00eas mesas com temas bem relacionados ao contexto atual: <em><a href=\"https:\/\/www.youtube.com\/watch?v=Pjp2ynQYU1s&amp;t=3s\">Democracia e Pol\u00edtica na Plataforma Digital \u2013 o desafio das Fake News<\/a><\/em><a href=\"https:\/\/www.youtube.com\/watch?v=Pjp2ynQYU1s&amp;t=3s\">,<\/a> realizada no dia 22 com participa\u00e7\u00e3o de Wilson Gomes (Facom\/UFBA), da deputada federal L\u00eddice da Mata, relatora da CPMI das Fake News e Suzana Barbosa (Facom\/UFBA) e media\u00e7\u00e3o de Raquel Nery, presidenta da Apub;  <em><a href=\"https:\/\/www.youtube.com\/watch?v=dOo-SNrsk8Q\">Doc\u00eancia e Trabalho Remoto em tempos de afastamento social&nbsp;<\/a>,&nbsp;no&nbsp;dia&nbsp;27&nbsp;,&nbsp;<\/em>com&nbsp;participa\u00e7\u00e3o&nbsp;de Stella Goulart (UFMG\/APUBH), M\u00e1rcia Rangel (SEAD\/UFBA) e Luciene Fernandes (ISC\/UFBA) e media\u00e7\u00e3o de Cl\u00e1udia Miranda (FACED\/UFBA); e, por \u00faltimo, no dia 28, <em><a href=\"https:\/\/www.youtube.com\/watch?v=TYBtt35buzA\">A\u00e7\u00e3o pol\u00edtica e os desafios de mobiliza\u00e7\u00e3o no contexto do afastamento social<\/a><\/em>, com Nilton Brand\u00e3o (PROIFES-Federa\u00e7\u00e3o), Iago Montalv\u00e3o (UNE) e Josu\u00e9 Medeiros (Observat\u00f3rio do Conhecimento\/ADUFRJ), com media\u00e7\u00e3o da professora Raquel Nery. <\/p>\n\n\n\n<p>As outras seis mesas apoiadas pela Apub foram promovidas pelo PROIFES-Federa\u00e7\u00e3o, e por movimentos sociais parceiros como MPA \u2013 Movimento dos Pequenos Agricultores, MAB \u2013 Movimento dos Atingidos por Barragens, Plataforma Oper\u00e1ria e Camponesa de \u00c1gua e Energia, e Periferia Viva.  <\/p>\n\n\n\n<p>O PROIFES inscreveu duas atividades no Congresso: a primeira com o tema<a href=\"http:\/\/Trabalhadoras%20e%20trabalhadores%20da%20educa%C3%A7%C3%A3o%20no%20contexto%20da%20pandemia\/\"><em>&nbsp;Trabalhadoras e trabalhadores da educa\u00e7\u00e3o no contexto da pandemia&#8221;;&nbsp;<\/em><\/a>e&nbsp;a&nbsp;segunda<a href=\"http:\/\/Trabalhadoras%20e%20trabalhadores%20da%20educa%C3%A7%C3%A3o%20no%20contexto%20da%20pandemia\/\"><em>,&nbsp;<\/em><\/a><em><a href=\"https:\/\/www.youtube.com\/watch?v=WwlQczqM2QM\">Educa\u00e7\u00e3o no contexto da Am\u00e9rica latina em tempos de pandemia<\/a>&nbsp;.<\/em><\/p>\n\n\n\n<p>Al\u00e9m dessas, a mesa<a href=\"https:\/\/www.youtube.com\/watch?v=aapBYmsbNU4&amp;t=5s\"><em> Periferia viva contra o coronav\u00edrus: a solidariedade nos far\u00e1 menos solit\u00e1rios, <\/em><\/a>promovida pela articula\u00e7\u00e3o Periferia Viva; <a href=\"https:\/\/www.youtube.com\/watch?v=Th56LREvV1o\"><em>Soberania nacional, Educa\u00e7\u00e3o e C&amp;T em tempos de pandemia,<\/em><\/a> proposta pela Plataforma Oper\u00e1ria e Camponesa de \u00c1gua e Energia; <a href=\"https:\/\/www.youtube.com\/watch?v=7chpk7CEYD4\"><em>Sa\u00fade mental em indiv\u00edduos atingidos por barragem<\/em>, <\/a>na mesa proposta pelo MAB;\u00a0\u00a0e,\u00a0pelo MPA, o debate sobre <a href=\"https:\/\/www.youtube.com\/watch?v=0-ZksgMNEEw\"><em>Agricultura familiar e educa\u00e7\u00e3o: desafios da soberania alimentar.<\/em><\/a><\/p>\n\n\n\n<p><br><\/p>\n","protected":false},"excerpt":{"rendered":"<p>Ao longo das duas \u00faltimas semanas, a Apub promoveu uma programa\u00e7\u00e3o pr\u00f3pria no Congresso Virtual da UFBA 2020 &#8211; Universidade em Movimento, que teve in\u00edcio no dia 18 e termina hoje (29). A diversidade dos temas que foram debatidos nas mesas promovidas e apoiadas pelo sindicato demonstra a interface da entidade com quest\u00f5es fundamentais na [&hellip;]<\/p>\n","protected":false},"author":2,"featured_media":32080,"comment_status":"closed","ping_status":"closed","sticky":false,"template":"","format":"standard","meta":{"footnotes":""},"categories":[530,146],"tags":[],"class_list":["post-32074","post","type-post","status-publish","format-standard","has-post-thumbnail","hentry","category-destaques-1","category-latest-news"],"_links":{"self":[{"href":"https:\/\/apub.org.br\/siteantigo\/wp-json\/wp\/v2\/posts\/32074","targetHints":{"allow":["GET"]}}],"collection":[{"href":"https:\/\/apub.org.br\/siteantigo\/wp-json\/wp\/v2\/posts"}],"about":[{"href":"https:\/\/apub.org.br\/siteantigo\/wp-json\/wp\/v2\/types\/post"}],"author":[{"embeddable":true,"href":"https:\/\/apub.org.br\/siteantigo\/wp-json\/wp\/v2\/users\/2"}],"replies":[{"embeddable":true,"href":"https:\/\/apub.org.br\/siteantigo\/wp-json\/wp\/v2\/comments?post=32074"}],"version-history":[{"count":0,"href":"https:\/\/apub.org.br\/siteantigo\/wp-json\/wp\/v2\/posts\/32074\/revisions"}],"wp:featuredmedia":[{"embeddable":true,"href":"https:\/\/apub.org.br\/siteantigo\/wp-json\/wp\/v2\/media\/32080"}],"wp:attachment":[{"href":"https:\/\/apub.org.br\/siteantigo\/wp-json\/wp\/v2\/media?parent=32074"}],"wp:term":[{"taxonomy":"category","embeddable":true,"href":"https:\/\/apub.org.br\/siteantigo\/wp-json\/wp\/v2\/categories?post=32074"},{"taxonomy":"post_tag","embeddable":true,"href":"https:\/\/apub.org.br\/siteantigo\/wp-json\/wp\/v2\/tags?post=32074"}],"curies":[{"name":"wp","href":"https:\/\/api.w.org\/{rel}","templated":true}]}}