{"id":32384,"date":"2020-09-25T17:27:44","date_gmt":"2020-09-25T17:27:44","guid":{"rendered":"http:\/\/apub.org.br\/?p=32384"},"modified":"2020-09-25T17:27:45","modified_gmt":"2020-09-25T17:27:45","slug":"universidades-publicas-federais-no-enfrentamento-ao-coronavirus-mobilizacao-e-construcao-de-capacidades-e-licoes-aprendidas","status":"publish","type":"post","link":"https:\/\/apub.org.br\/siteantigo\/universidades-publicas-federais-no-enfrentamento-ao-coronavirus-mobilizacao-e-construcao-de-capacidades-e-licoes-aprendidas\/","title":{"rendered":"Universidades P\u00fablicas Federais no Enfrentamento ao Coronav\u00edrus: Mobiliza\u00e7\u00e3o e Constru\u00e7\u00e3o de Capacidades e Li\u00e7\u00f5es Aprendidas"},"content":{"rendered":"\n<p>Apesar de serem alvos de ataques sistem\u00e1ticos do governo Bolsonaro, desde o in\u00edcio da pandemia de COVID-19 as universidades federais brasileiras t\u00eam desenvolvido trabalhos essenciais no combate \u00e0 doen\u00e7a. Mas, de que forma as universidades p\u00fablicas federais, diante dos cortes sucessivos de or\u00e7amento e de sobressaltos no seu cotidiano, est\u00e3o contribuindo para o enfrentamento da crise sanit\u00e1ria em curso? Quais as a\u00e7\u00f5es que est\u00e3o sendo implementadas?&nbsp;<\/p>\n\n\n\n<p>Foi com o objetivo de responder a essas quest\u00f5es que a professora volunt\u00e1ria da Universidade Federal do Rio Grande do Norte, Arlete Duarte, desenvolveu em conjunto com Antonio Alves Filho, Fabio Resende de Ara\u00fajo e Marconi Neves Macedo o estudo: &#8220;Universidades P\u00fablicas Federais no Enfrentamento ao Coronav\u00edrus: Mobiliza\u00e7\u00e3o e Constru\u00e7\u00e3o de Capacidades e Li\u00e7\u00f5es Aprendidas&#8221;.&nbsp;&nbsp;<\/p>\n\n\n\n<p>Lan\u00e7ada no dia 23 de setembro, em aula p\u00fablica promovida pelo ADURN-Sindicato, a pesquisa \u00e9 censit\u00e1ria e abrange 69 universidades p\u00fablicas federais em todas as cinco regi\u00f5es do pa\u00eds. Os resultados do estudo podem ser conferidos no relat\u00f3rio dispon\u00edvel\u00a0<a href=\"https:\/\/www.adurn.org.br\/secretaria\/arquivos\/14b63c38fa57e479b75142a95f51feae.pdf\" target=\"_blank\" rel=\"noreferrer noopener\" aria-label=\" (abre em uma nova aba)\">aqui<\/a>.<\/p>\n\n\n\n<p><strong>Sobre os autores<\/strong><\/p>\n\n\n\n<p><strong>Maria Arlete Duarte de Ara\u00fajo<\/strong><\/p>\n\n\n\n<p>Graduada em Administra\u00e7\u00e3o pela Universidade Federal de Sergipe (1978), Mestre em Administra\u00e7\u00e3o pela Universidade Federal da Para\u00edba (1983) e Doutora em Administra\u00e7\u00e3o de Empresas (Sp) pela Funda\u00e7\u00e3o Get\u00falio Vargas &#8211; SP (1996). P\u00f3s-doutorado na Universidade Pompeu Fabra, em Barcelona &#8211; Espanha (agosto\/2008 a julho\/2009). Professora Titular vinculada ao Departamento de Administra\u00e7\u00e3o P\u00fablica e Gest\u00e3o Social, como volunt\u00e1ria, da Universidade Federal do Rio Grande do Norte.<\/p>\n\n\n\n<p><strong>Marconi Neves Macedo<\/strong><\/p>\n\n\n\n<p>Mestre e Bacharel em Direito pela Universidade Federal do Rio Grande do Norte. Servidor T\u00e9cnico- Administrativo da UFRN. Doutorando em Administra\u00e7\u00e3o pelo Programa de P\u00f3s-Gradua\u00e7\u00e3o em Administra\u00e7\u00e3o da Universidade Federal do Rio Grande do Norte.&nbsp;<\/p>\n\n\n\n<p>F\u00e1bio Resende de Ara\u00fajo<\/p>\n\n\n\n<p>Doutor e Mestre em Administra\u00e7\u00e3o na linha de Gest\u00e3o em Pol\u00edticas P\u00fablica pela Universidade Federal do Rio Grande do Norte (PPGA\/UFRN). Graduado em Nutri\u00e7\u00e3o pela UFRN. Atualmente \u00e9 Professor Adjunto da UFRN no Departamento de Administra\u00e7\u00e3o P\u00fablica e Gest\u00e3o Social. Docente do Programa de P\u00f3s Gradua\u00e7\u00e3o em Gest\u00e3o P\u00fablica (PPGP\/UFRN). Lidera o Grupo de Gest\u00e3o Institucional e Pol\u00edticas P\u00fablicas.<\/p>\n\n\n\n<p><strong>Ant\u00f4nio Alves Filho<\/strong><\/p>\n\n\n\n<p>Graduado em Psicologia pela Universidade Federal do Rio Grande do Norte \u2013 UFRN (1993) e mestre em Administra\u00e7\u00e3o (1999) e doutor em Psicologia (2012) tamb\u00e9m pela UFRN. Professor do curso de Administra\u00e7\u00e3o da UFRN na \u00e1rea de Gest\u00e3o de Pessoas e do Programa de P\u00f3s gradua\u00e7\u00e3o em Gest\u00e3o P\u00fablica \u2013 PPGP\/UFRN, mestrado profissional. Tem interesse por temas ligados a gest\u00e3o de pessoas e comportamento organizacional.<\/p>\n\n\n\n<p><em>Fonte: Ascom ADURN-Sindicato<\/em><\/p>\n","protected":false},"excerpt":{"rendered":"<p>Apesar de serem alvos de ataques sistem\u00e1ticos do governo Bolsonaro, desde o in\u00edcio da pandemia de COVID-19 as universidades federais brasileiras t\u00eam desenvolvido trabalhos essenciais no combate \u00e0 doen\u00e7a. Mas, de que forma as universidades p\u00fablicas federais, diante dos cortes sucessivos de or\u00e7amento e de sobressaltos no seu cotidiano, est\u00e3o contribuindo para o enfrentamento da [&hellip;]<\/p>\n","protected":false},"author":2,"featured_media":32385,"comment_status":"closed","ping_status":"closed","sticky":false,"template":"","format":"standard","meta":{"footnotes":""},"categories":[146],"tags":[],"class_list":["post-32384","post","type-post","status-publish","format-standard","has-post-thumbnail","hentry","category-latest-news"],"_links":{"self":[{"href":"https:\/\/apub.org.br\/siteantigo\/wp-json\/wp\/v2\/posts\/32384","targetHints":{"allow":["GET"]}}],"collection":[{"href":"https:\/\/apub.org.br\/siteantigo\/wp-json\/wp\/v2\/posts"}],"about":[{"href":"https:\/\/apub.org.br\/siteantigo\/wp-json\/wp\/v2\/types\/post"}],"author":[{"embeddable":true,"href":"https:\/\/apub.org.br\/siteantigo\/wp-json\/wp\/v2\/users\/2"}],"replies":[{"embeddable":true,"href":"https:\/\/apub.org.br\/siteantigo\/wp-json\/wp\/v2\/comments?post=32384"}],"version-history":[{"count":0,"href":"https:\/\/apub.org.br\/siteantigo\/wp-json\/wp\/v2\/posts\/32384\/revisions"}],"wp:featuredmedia":[{"embeddable":true,"href":"https:\/\/apub.org.br\/siteantigo\/wp-json\/wp\/v2\/media\/32385"}],"wp:attachment":[{"href":"https:\/\/apub.org.br\/siteantigo\/wp-json\/wp\/v2\/media?parent=32384"}],"wp:term":[{"taxonomy":"category","embeddable":true,"href":"https:\/\/apub.org.br\/siteantigo\/wp-json\/wp\/v2\/categories?post=32384"},{"taxonomy":"post_tag","embeddable":true,"href":"https:\/\/apub.org.br\/siteantigo\/wp-json\/wp\/v2\/tags?post=32384"}],"curies":[{"name":"wp","href":"https:\/\/api.w.org\/{rel}","templated":true}]}}