{"id":32916,"date":"2020-12-11T15:20:53","date_gmt":"2020-12-11T15:20:53","guid":{"rendered":"http:\/\/apub.org.br\/?p=32916"},"modified":"2021-01-29T15:24:58","modified_gmt":"2021-01-29T15:24:58","slug":"apub-e-docentes-discutem-contrato-de-docentes-substitutos-e-processos-de-progressao","status":"publish","type":"post","link":"https:\/\/apub.org.br\/siteantigo\/apub-e-docentes-discutem-contrato-de-docentes-substitutos-e-processos-de-progressao\/","title":{"rendered":"Apub e docentes discutem contrato de docentes substitutos e processos de progress\u00e3o"},"content":{"rendered":"\n<p>\n\nA Apub realizou, hoje (11), duas reuni\u00f5es para discutir quest\u00f5es trabalhistas e direitos dos\/as docentes, com participa\u00e7\u00e3o da assessoria jur\u00eddica do sindicato. Na manh\u00e3, o encontro teve como pauta os contratos de docentes substitutos da UFBA, que t\u00eam sofrido redu\u00e7\u00f5es de carga hor\u00e1ria e de remunera\u00e7\u00e3o durante o Semestre Letivo Suplementar. Ap\u00f3s ouvir os relatos, diretoria e assessoria jur\u00eddica fizeram esclarecimentos acerca dos procedimentos para que essas mudan\u00e7as contratuais aconte\u00e7am e, como pr\u00f3ximo passo, o sindicato far\u00e1 levantamento dos documentos e dos casos para definir a\u00e7\u00f5es de repara\u00e7\u00e3o. \u00c0 tarde, aconteceu a segunda reuni\u00e3o para conversar sobre os processos de progress\u00e3o e promo\u00e7\u00e3o na carreira.<br>\u00c0 tarde, aconteceu a segunda reuni\u00e3o para conversar sobre os processos de progress\u00e3o e promo\u00e7\u00e3o na carreira. Docentes presentes fizeram relatos sobre d\u00favidas em rela\u00e7\u00e3o aos procedimentos adequados e sobre a demora na conclus\u00e3o dos processos e efetiva\u00e7\u00e3o dos respectivos efeitos financeiros. A professora Celma Moreira, da CPPD\/UFBA, fez uma exposi\u00e7\u00e3o sobre os trabalhos da Comiss\u00e3o e as dificuldades enfrentadas no per\u00edodo de pandemia quando foi necess\u00e1ria a digitaliza\u00e7\u00e3o de todos os processos existentes. <br>Outro ponto de entrave ao andamento das progress\u00f5es e promo\u00e7\u00f5es levantado na reuni\u00e3o foi a falta de padroniza\u00e7\u00e3o \u2013 levando cada departamento a lidar de forma diferente na organiza\u00e7\u00e3o dos processos, o que dificulta tamb\u00e9m o trabalho posterior da CPPD. O advogado Pedro Ferreira, da assessoria jur\u00eddica do sindicato explicou que os efeitos financeiros das progress\u00f5es e promo\u00e7\u00f5es n\u00e3o est\u00e3o sendo pagos retroativamente a partir da data do cumprimento do interst\u00edcio e que o sindicato tem entrado na justi\u00e7a para garantir esse direito. Ele tamb\u00e9m alertou os\/as docentes para que n\u00e3o atrasem os pedidos de progress\u00e3o e promo\u00e7\u00e3o diminuindo assim as chances de preju\u00edzos financeiros. <br>Como encaminhamentos, foram apontadas a produ\u00e7\u00e3o de um question\u00e1rio para recolher informa\u00e7\u00f5es sobre os casos espec\u00edficos dos\/as docentes, o envio de parecer \u00e0&nbsp;Prodep&nbsp;que sugira a elabora\u00e7\u00e3o de uma orienta\u00e7\u00e3o geral aos departamentos, para uniformizar a condu\u00e7\u00e3o dos processos, uma reuni\u00e3o com CPPD para ouvir demandas e buscar solu\u00e7\u00f5es que ajudem a Comiss\u00e3o no cumprimento da grande demanda, buscar via administra\u00e7\u00e3o central a constru\u00e7\u00e3o de uma Resolu\u00e7\u00e3o especial para a contagem das pontua\u00e7\u00f5es nos meses da pandemia e a elabora\u00e7\u00e3o de uma cartilha com orienta\u00e7\u00f5es aos\/\u00e0s docentes sobre o papel da CPPD e um passo a passo para dar entrada nos processos. <br>A reuni\u00e3o foi gravada na \u00edntegra e o v\u00eddeo est\u00e1 dispon\u00edvel para consulta aqui:&nbsp;<a rel=\"noreferrer noopener\" href=\"http:\/\/mkt.apub.org.br\/go\/8317bb6fefab46b275-c72bf86b8cb-65c2df617ce-518d-02c-e1e1qMmex9RPe4We65dhF\" target=\"_blank\">https:\/\/we.tl\/t-oq0GBGUJpO<\/a><\/p>\n","protected":false},"excerpt":{"rendered":"<p>A Apub realizou, hoje (11), duas reuni\u00f5es para discutir quest\u00f5es trabalhistas e direitos dos\/as docentes, com participa\u00e7\u00e3o da assessoria jur\u00eddica do sindicato. Na manh\u00e3, o encontro teve como pauta os contratos de docentes substitutos da UFBA, que t\u00eam sofrido redu\u00e7\u00f5es de carga hor\u00e1ria e de remunera\u00e7\u00e3o durante o Semestre Letivo Suplementar. Ap\u00f3s ouvir os relatos, [&hellip;]<\/p>\n","protected":false},"author":2,"featured_media":31542,"comment_status":"closed","ping_status":"closed","sticky":false,"template":"","format":"standard","meta":{"footnotes":""},"categories":[137],"tags":[],"class_list":["post-32916","post","type-post","status-publish","format-standard","has-post-thumbnail","hentry","category-carreira-2"],"_links":{"self":[{"href":"https:\/\/apub.org.br\/siteantigo\/wp-json\/wp\/v2\/posts\/32916","targetHints":{"allow":["GET"]}}],"collection":[{"href":"https:\/\/apub.org.br\/siteantigo\/wp-json\/wp\/v2\/posts"}],"about":[{"href":"https:\/\/apub.org.br\/siteantigo\/wp-json\/wp\/v2\/types\/post"}],"author":[{"embeddable":true,"href":"https:\/\/apub.org.br\/siteantigo\/wp-json\/wp\/v2\/users\/2"}],"replies":[{"embeddable":true,"href":"https:\/\/apub.org.br\/siteantigo\/wp-json\/wp\/v2\/comments?post=32916"}],"version-history":[{"count":0,"href":"https:\/\/apub.org.br\/siteantigo\/wp-json\/wp\/v2\/posts\/32916\/revisions"}],"wp:featuredmedia":[{"embeddable":true,"href":"https:\/\/apub.org.br\/siteantigo\/wp-json\/wp\/v2\/media\/31542"}],"wp:attachment":[{"href":"https:\/\/apub.org.br\/siteantigo\/wp-json\/wp\/v2\/media?parent=32916"}],"wp:term":[{"taxonomy":"category","embeddable":true,"href":"https:\/\/apub.org.br\/siteantigo\/wp-json\/wp\/v2\/categories?post=32916"},{"taxonomy":"post_tag","embeddable":true,"href":"https:\/\/apub.org.br\/siteantigo\/wp-json\/wp\/v2\/tags?post=32916"}],"curies":[{"name":"wp","href":"https:\/\/api.w.org\/{rel}","templated":true}]}}