{"id":33662,"date":"2021-05-06T19:13:53","date_gmt":"2021-05-06T19:13:53","guid":{"rendered":"http:\/\/apub.org.br\/?p=33662"},"modified":"2021-05-31T21:09:37","modified_gmt":"2021-05-31T21:09:37","slug":"ciencia-salva-o-negacionismo-mata-e-o-governo-mostrou-como","status":"publish","type":"post","link":"https:\/\/apub.org.br\/siteantigo\/ciencia-salva-o-negacionismo-mata-e-o-governo-mostrou-como\/","title":{"rendered":"Ci\u00eancia salva, o negacionismo mata. E o governo mostrou como"},"content":{"rendered":"\n<div class=\"wp-block-image\"><figure class=\"aligncenter size-large\"><img fetchpriority=\"high\" decoding=\"async\" width=\"1024\" height=\"538\" src=\"http:\/\/apub.org.br\/wp-content\/uploads\/2021\/05\/sintrial-Ciencia-salva-o-negacionismo-mata.-1024x538.jpg\" alt=\"\" class=\"wp-image-33663\" srcset=\"https:\/\/apub.org.br\/siteantigo\/wp-content\/uploads\/2021\/05\/sintrial-Ciencia-salva-o-negacionismo-mata.-1024x538.jpg 1024w, https:\/\/apub.org.br\/siteantigo\/wp-content\/uploads\/2021\/05\/sintrial-Ciencia-salva-o-negacionismo-mata.-300x158.jpg 300w, https:\/\/apub.org.br\/siteantigo\/wp-content\/uploads\/2021\/05\/sintrial-Ciencia-salva-o-negacionismo-mata.-768x403.jpg 768w, https:\/\/apub.org.br\/siteantigo\/wp-content\/uploads\/2021\/05\/sintrial-Ciencia-salva-o-negacionismo-mata..jpg 1200w\" sizes=\"(max-width: 1024px) 100vw, 1024px\" \/><\/figure><\/div>\n\n\n\n<p>Voc\u00ea consegue imaginar um pa\u00eds sem restri\u00e7\u00f5es de circula\u00e7\u00e3o por conta da pandemia neste momento? Um lugar onde pessoas se cumprimentam normalmente, frequentam bares e se aglomeram em shows, churrascos, feiras ou confraterniza\u00e7\u00f5es. Mesmo assim, n\u00e3o h\u00e1 mortes por Covid-19 registradas ou um aumento significativo dos casos. Parece mentira?<\/p>\n\n\n\n<p>Pode parecer surreal, mas este cen\u00e1rio \u00e9 real e corresponde ao que acontece neste momento na Isl\u00e2ndia e na Nova Zel\u00e2ndia, pa\u00edses que controlaram a pandemia em seus territ\u00f3rios. Por l\u00e1, foram registradas apenas 29 e 26 mortes da doen\u00e7a, respectivamente, em mais de um ano, e a vida est\u00e1 voltando ao normal.<\/p>\n\n\n\n<p>Algu\u00e9m vai tentar justificar, dizendo \u201cmas esses pa\u00edses s\u00e3o isolados\u201d. Pois \u00e9, mas a Nova Zel\u00e2ndia recebe mais de 3,5 milh\u00f5es de visitantes por ano, e a Isl\u00e2ndia recebe 2 milh\u00f5es. N\u00e3o \u00e9 pouco, se compararmos com o Brasil, que recebe em torno de 6 milh\u00f5es (sendo 60% vindos da Am\u00e9rica do Sul).<\/p>\n\n\n\n<p><\/p>\n\n\n\n<h2 class=\"wp-block-heading\"><strong>Milagre?<\/strong><\/h2>\n\n\n\n<p>Ent\u00e3o, o que explica esse contraste com os pa\u00edses, como o Brasil, onde as sequelas da pandemia s\u00e3o muito maiores?<\/p>\n\n\n\n<p>A resposta \u00e9 relativamente simples. Os pa\u00edses que est\u00e3o conseguindo passar pela crise com menos impacto acreditaram na ci\u00eancia e entregaram o controle das decis\u00f5es nas m\u00e3os de cientistas e pesquisadores que, longe das interfer\u00eancias pol\u00edticas, determinaram as regras para controle da pandemia.<\/p>\n\n\n\n<p>Desde o registro dos primeiros casos, adotaram protocolos bastante r\u00edgidos, com testagem em massa, rastreamento dos contatos das pessoas que testaram positivo, uso obrigat\u00f3rio de m\u00e1scaras e distanciamento.<\/p>\n\n\n\n<p>Essa cartilha foi seguida n\u00e3o s\u00f3 pela Isl\u00e2ndia e pela Nova Zel\u00e2ndia, mas por muitos outros pa\u00edses que hoje veem o novo Coronav\u00edrus como uma amea\u00e7a bem menor para sua popula\u00e7\u00e3o do que h\u00e1 um ano.<\/p>\n\n\n\n<p>China (1,4 bilh\u00f5es de habitantes e 4.600 mortes), Paquist\u00e3o (225 milh\u00f5es de habitantes e 18.148 mortes), Indon\u00e9sia (270 milh\u00f5es de habitantes e 45.796 mortes), Singapura (5 milh\u00f5es de habitantes e 30 mortes), Vietnam (100 milh\u00f5es de habitantes e 35 mortes), Austr\u00e1lia (25 milh\u00f5es de habitantes e 900 mortes), Tail\u00e2ndia (69 milh\u00f5es de habitantes e 95 mortes), Cuba (11 milh\u00f5es de habitantes e 436 mortes) s\u00e3o alguns exemplos de pa\u00edses cujos governos ouviram a ci\u00eancia e n\u00e3o brigaram com os fatos.<\/p>\n\n\n\n<p>Deu para entender a quest\u00e3o, n\u00e3o \u00e9 mesmo?<\/p>\n\n\n\n<p><\/p>\n\n\n\n<h2 class=\"wp-block-heading\"><strong>Brasil acima de todos (mas sem motivo para se orgulhar)<\/strong><\/h2>\n\n\n\n<p>O presidente Jair Bolsonaro poderia ter entrado para hist\u00f3ria como o mandat\u00e1rio que livrou o Brasil do novo Coronav\u00edrus. Estaria consolidando seu futuro pol\u00edtico rumo \u00e0 reelei\u00e7\u00e3o (sua obsess\u00e3o) mas escolheu fazer o caminho inverso. Por motivos complexos de compreender, escolheu pavimentar sua trajet\u00f3ria sobre uma pilha intermin\u00e1vel de cad\u00e1veres.<\/p>\n\n\n\n<p>Por aqui, as recomenda\u00e7\u00f5es da ci\u00eancia foram rejeitadas pelo presidente que, motivado por c\u00e1lculos pol\u00edticos, decidiu aderir a uma postura negacionista para prolongar ao m\u00e1ximo a pandemia.<\/p>\n\n\n\n<p>\u00c9 um caso \u00fanico no mundo&#8230;<\/p>\n\n\n\n<p>Desdenhar da ci\u00eancia, nesse cen\u00e1rio tr\u00e1gico, significou abrir m\u00e3o das poucas sa\u00eddas que t\u00ednhamos para minimizar os impactos do v\u00edrus.<\/p>\n\n\n\n<p>Dizer que as vacinas podem transformar algu\u00e9m em jacar\u00e9 (n\u00e3o ria, afinal, tem muitas pessoas que realmente acreditam em tudo o que ele diz) n\u00e3o contribui. Participar de dezenas de atividades que geraram aglomera\u00e7\u00e3o tamb\u00e9m n\u00e3o passa uma mensagem que fomenta o cuidado. Desincentivar o uso de m\u00e1scaras e o isolamento social induz as pessoas a um comportamento que, segundo especialistas, \u00e9 semelhante ao suic\u00eddio coletivo.<\/p>\n\n\n\n<p>O resultado est\u00e1 a\u00ed: entre mar\u00e7o e abril de 2021 o Brasil assumiu o posto de epicentro da pandemia, liderando, com ampla margem, o n\u00famero de mortes.<\/p>\n\n\n\n<p>No dia 31 de mar\u00e7o, quando atingiu quase 4 mil \u00f3bitos em um \u00fanico dia, a quantidade era equivalente a somat\u00f3ria de todos os outros 9 pa\u00edses seguintes.<\/p>\n\n\n\n<p>N\u00e3o deveria ser algo para se orgulhar, mas, por raz\u00f5es igualmente pol\u00edticas, nem isso serviu para frear os discursos negacionistas do presidente e de seus apoiadores mais radicais.<\/p>\n\n\n\n<p><\/p>\n\n\n\n<h2 class=\"wp-block-heading\"><strong>Ci\u00eancia salva<\/strong><\/h2>\n\n\n\n<p>Foram os cientistas que descobriram como o v\u00edrus funciona, quais alternativas para combat\u00ea-lo e como diminuir o cont\u00e1gio.<\/p>\n\n\n\n<p>No Brasil, das mais de &nbsp;410 mil mortes por Covid-19, ao menos 75% delas eram evit\u00e1veis, de acordo o epidemiologista Pedro Hallal, ex-reitor da Universidade Federal de Pelotas (Ufpel) e coordenador da Epicovid-19, estudo de alcance nacional que mapeia a dissemina\u00e7\u00e3o da doen\u00e7a.<\/p>\n\n\n\n<p>O cen\u00e1rio seria outro, caso o Governo Federal optasse pelas medidas adequadas de conten\u00e7\u00e3o. O fator Bolsonaro influenciou o obscurantismo e a avers\u00e3o \u00e0 ci\u00eancia no Brasil, desvirtuando a percep\u00e7\u00e3o das pessoas sobre a realidade.<\/p>\n\n\n\n<p>A partir do falso dilema entre \u201csalvar vidas e salvar a economia\u201d (afinal n\u00e3o h\u00e1 economia sem pessoas vivas, coisa que at\u00e9 os liberais genu\u00ednos defendem), as pol\u00edticas de isolamento social foram sabotadas desde o in\u00edcio pelo pr\u00f3prio presidente.<\/p>\n\n\n\n<p>O governo brasileiro acabou andando na contram\u00e3o dos outros pa\u00edses, n\u00e3o reconhecendo a gravidade da doen\u00e7a e n\u00e3o estruturando a\u00e7\u00f5es de testagem em massa, deixando o v\u00edrus se propagar.<\/p>\n\n\n\n<p>Agora, enquanto outras na\u00e7\u00f5es j\u00e1 est\u00e3o com as pessoas circulando, vivendo um pouco mais de tranquilidade e reaquecendo a economia, o Brasil precisa lidar com recordes de mortes e uma economia combalida.<\/p>\n\n\n\n<p>Mesmo a contragosto do presidente, institui\u00e7\u00f5es cient\u00edficas renomadas ligadas a governos estaduais passaram a produzir vacinas em parceria com outras institui\u00e7\u00f5es e empresas estrangeiras. A\u00ed come\u00e7ou a se apontar uma luz de esperan\u00e7a para a sa\u00edda da crise.<\/p>\n\n\n\n<p><\/p>\n\n\n\n<h2 class=\"wp-block-heading\"><strong>Neg\u00f3cio para os amigos, cloroquina para o povo<\/strong><\/h2>\n\n\n\n<p>A jogada mais anti-ci\u00eancia do governo brasileiro, por\u00e9m, vem do lobby feito pelo presidente e seus aliados em torno da propaga\u00e7\u00e3o de uma ideia falsa de um suposto \u201ctratamento precoce\u201d \u00e0 Covid-19.<\/p>\n\n\n\n<p>Em vez de apostar nas vacinas (negando centenas de milh\u00f5es de doses desde o ano passado), Jair Bolsonaro resolveu tornar-se garoto-propaganda de medicamentos cuja efic\u00e1cia n\u00e3o foi comprovada com bases cient\u00edficas.<\/p>\n\n\n\n<p>Al\u00e9m do imenso preju\u00edzo aos cofres p\u00fablicos (s\u00f3 em cloroquina foram gastos perto de R$ 100 milh\u00f5es), esse est\u00edmulo tem um resultado muito perverso: seus seguidores passam a adotar comportamento muito mais negligente quando acreditam que um tipo de elixir (esse era o termo dado a subst\u00e2ncias \u00e0s quais eram atribu\u00eddas \u201cpoderes m\u00e1gicos\u201d na Idade M\u00e9dia) vai salv\u00e1-las em caso de contamina\u00e7\u00e3o.<\/p>\n\n\n\n<p>Al\u00e9m disso, o governo transferiu tamb\u00e9m R$ 1,5 milh\u00e3o para que o Laborat\u00f3rio Qu\u00edmico Farmac\u00eautico do Ex\u00e9rcito produzisse 3,2 milh\u00f5es de comprimidos de cloroquina.<\/p>\n\n\n\n<p>Tratando a situa\u00e7\u00e3o com corriqueiro desd\u00e9m, ele chegou a ser fotografado mostrando a caixa do medicamento para uma ema.<\/p>\n\n\n\n<p>Coincidentemente (ou n\u00e3o), alguns dos donos dos principais laborat\u00f3rios que produzem esses rem\u00e9dios s\u00e3o apoiadores ferrenhos do presidente.<\/p>\n\n\n\n<p>Eles s\u00f3 n\u00e3o dizem que foi um \u201cneg\u00f3cio da China\u201d porque iriam desagradar sua pr\u00f3pria base radical.<\/p>\n\n\n\n<p class=\"has-text-align-center\">Compartilhe no&nbsp;<a rel=\"noreferrer noopener\" href=\"https:\/\/www.facebook.com\/apubsindicato\/\" target=\"_blank\">Facebook<\/a>&nbsp;e&nbsp;<a rel=\"noreferrer noopener\" href=\"https:\/\/www.instagram.com\/apubsindicato\/\" target=\"_blank\">Instagram<\/a><\/p>\n\n\n\n<p><em><br>Fonte: APUB<\/em><\/p>\n","protected":false},"excerpt":{"rendered":"<p>Voc\u00ea consegue imaginar um pa\u00eds sem restri\u00e7\u00f5es de circula\u00e7\u00e3o por conta da pandemia neste momento? Um lugar onde pessoas se cumprimentam normalmente, frequentam bares e se aglomeram em shows, churrascos, feiras ou confraterniza\u00e7\u00f5es. Mesmo assim, n\u00e3o h\u00e1 mortes por Covid-19 registradas ou um aumento significativo dos casos. Parece mentira? Pode parecer surreal, mas este cen\u00e1rio [&hellip;]<\/p>\n","protected":false},"author":2,"featured_media":33663,"comment_status":"closed","ping_status":"closed","sticky":false,"template":"","format":"standard","meta":{"footnotes":""},"categories":[760,146],"tags":[],"class_list":["post-33662","post","type-post","status-publish","format-standard","has-post-thumbnail","hentry","category-comunicacao","category-latest-news"],"_links":{"self":[{"href":"https:\/\/apub.org.br\/siteantigo\/wp-json\/wp\/v2\/posts\/33662","targetHints":{"allow":["GET"]}}],"collection":[{"href":"https:\/\/apub.org.br\/siteantigo\/wp-json\/wp\/v2\/posts"}],"about":[{"href":"https:\/\/apub.org.br\/siteantigo\/wp-json\/wp\/v2\/types\/post"}],"author":[{"embeddable":true,"href":"https:\/\/apub.org.br\/siteantigo\/wp-json\/wp\/v2\/users\/2"}],"replies":[{"embeddable":true,"href":"https:\/\/apub.org.br\/siteantigo\/wp-json\/wp\/v2\/comments?post=33662"}],"version-history":[{"count":0,"href":"https:\/\/apub.org.br\/siteantigo\/wp-json\/wp\/v2\/posts\/33662\/revisions"}],"wp:featuredmedia":[{"embeddable":true,"href":"https:\/\/apub.org.br\/siteantigo\/wp-json\/wp\/v2\/media\/33663"}],"wp:attachment":[{"href":"https:\/\/apub.org.br\/siteantigo\/wp-json\/wp\/v2\/media?parent=33662"}],"wp:term":[{"taxonomy":"category","embeddable":true,"href":"https:\/\/apub.org.br\/siteantigo\/wp-json\/wp\/v2\/categories?post=33662"},{"taxonomy":"post_tag","embeddable":true,"href":"https:\/\/apub.org.br\/siteantigo\/wp-json\/wp\/v2\/tags?post=33662"}],"curies":[{"name":"wp","href":"https:\/\/api.w.org\/{rel}","templated":true}]}}