{"id":34708,"date":"2021-06-25T14:57:06","date_gmt":"2021-06-25T14:57:06","guid":{"rendered":"http:\/\/apub.org.br\/?p=34708"},"modified":"2021-06-25T14:57:07","modified_gmt":"2021-06-25T14:57:07","slug":"a-reforma-administrativa-e-a-primeira-etapa-do-desmonte-do-estado","status":"publish","type":"post","link":"https:\/\/apub.org.br\/siteantigo\/a-reforma-administrativa-e-a-primeira-etapa-do-desmonte-do-estado\/","title":{"rendered":"A Reforma Administrativa \u00e9 a primeira etapa do desmonte do Estado"},"content":{"rendered":"\n<div class=\"wp-block-image is-style-default\"><figure class=\"aligncenter size-large is-resized\"><img fetchpriority=\"high\" decoding=\"async\" src=\"http:\/\/apub.org.br\/wp-content\/uploads\/2021\/06\/Reforma1EtapaDesmonte_ReformaDestroi-1024x1024.jpg\" alt=\"Reforma1EtapadeDesmonte\" class=\"wp-image-34709\" width=\"546\" height=\"546\" srcset=\"https:\/\/apub.org.br\/siteantigo\/wp-content\/uploads\/2021\/06\/Reforma1EtapaDesmonte_ReformaDestroi-1024x1024.jpg 1024w, https:\/\/apub.org.br\/siteantigo\/wp-content\/uploads\/2021\/06\/Reforma1EtapaDesmonte_ReformaDestroi-300x300.jpg 300w, https:\/\/apub.org.br\/siteantigo\/wp-content\/uploads\/2021\/06\/Reforma1EtapaDesmonte_ReformaDestroi-150x150.jpg 150w, https:\/\/apub.org.br\/siteantigo\/wp-content\/uploads\/2021\/06\/Reforma1EtapaDesmonte_ReformaDestroi-768x768.jpg 768w, https:\/\/apub.org.br\/siteantigo\/wp-content\/uploads\/2021\/06\/Reforma1EtapaDesmonte_ReformaDestroi.jpg 1080w\" sizes=\"(max-width: 546px) 100vw, 546px\" \/><\/figure><\/div>\n\n\n\n<p class=\"has-text-align-center\">&#x1f494; A Reforma Administrativa (PEC 32\/2020) \u00e9 s\u00f3 a primeira parte de um desmonte total do Estado que vai impedir que a popula\u00e7\u00e3o tenha uma vida mais digna, bem-estar e direitos garantidos.<\/p>\n\n\n\n<p class=\"has-text-align-center\"><br>O pontap\u00e9 inicial ser\u00e1 transferir os servi\u00e7os p\u00fablicos \u00e0 iniciativa privada.<\/p>\n\n\n\n<p class=\"has-text-align-center\">&#x1f90f; O atendimento ao povo ser\u00e1 reduzido (principalmente para quem mora fora dos grandes centros urbanos), a qualidade vai cair e as tarifas v\u00e3o subir.<\/p>\n\n\n\n<p class=\"has-text-align-center\">O Estado ofertar\u00e1 apenas os servi\u00e7os que s\u00e3o menos lucrativos \u00e0 iniciativa privada.<\/p>\n\n\n\n<p class=\"has-text-align-center\">&#x1f62b; Por\u00e9m, poder\u00e1 contratar servi\u00e7os terceirizados sem limites (e sem a mesma qualifica\u00e7\u00e3o t\u00e9cnica dos servidores de carreira) para atender a popula\u00e7\u00e3o.<\/p>\n\n\n\n<p class=\"has-text-align-center\">Com isso, a Reforma Administrativa vai abrir caminho para a corrup\u00e7\u00e3o, o coronelismo, o clientelismo, o nepotismo e outras pr\u00e1ticas ilegais.<\/p>\n\n\n\n<p class=\"has-text-align-center\">&#x2757; Ela precisa ser barrada!<\/p>\n\n\n\n<p class=\"has-text-align-center\">Seu objetivo nunca foi melhorar o servi\u00e7o p\u00fablico brasileiro, mas sim destru\u00ed-lo \u2013 e a voc\u00ea tamb\u00e9m.<\/p>\n","protected":false},"excerpt":{"rendered":"<p>&#x1f494; A Reforma Administrativa (PEC 32\/2020) \u00e9 s\u00f3 a primeira parte de um desmonte total do Estado que vai impedir que a popula\u00e7\u00e3o tenha uma vida mais digna, bem-estar e direitos garantidos. O pontap\u00e9 inicial ser\u00e1 transferir os servi\u00e7os p\u00fablicos \u00e0 iniciativa privada. &#x1f90f; O atendimento ao povo ser\u00e1 reduzido (principalmente para quem mora fora [&hellip;]<\/p>\n","protected":false},"author":2,"featured_media":34709,"comment_status":"closed","ping_status":"closed","sticky":false,"template":"","format":"standard","meta":{"footnotes":""},"categories":[760,146],"tags":[],"class_list":["post-34708","post","type-post","status-publish","format-standard","has-post-thumbnail","hentry","category-comunicacao","category-latest-news"],"_links":{"self":[{"href":"https:\/\/apub.org.br\/siteantigo\/wp-json\/wp\/v2\/posts\/34708","targetHints":{"allow":["GET"]}}],"collection":[{"href":"https:\/\/apub.org.br\/siteantigo\/wp-json\/wp\/v2\/posts"}],"about":[{"href":"https:\/\/apub.org.br\/siteantigo\/wp-json\/wp\/v2\/types\/post"}],"author":[{"embeddable":true,"href":"https:\/\/apub.org.br\/siteantigo\/wp-json\/wp\/v2\/users\/2"}],"replies":[{"embeddable":true,"href":"https:\/\/apub.org.br\/siteantigo\/wp-json\/wp\/v2\/comments?post=34708"}],"version-history":[{"count":0,"href":"https:\/\/apub.org.br\/siteantigo\/wp-json\/wp\/v2\/posts\/34708\/revisions"}],"wp:featuredmedia":[{"embeddable":true,"href":"https:\/\/apub.org.br\/siteantigo\/wp-json\/wp\/v2\/media\/34709"}],"wp:attachment":[{"href":"https:\/\/apub.org.br\/siteantigo\/wp-json\/wp\/v2\/media?parent=34708"}],"wp:term":[{"taxonomy":"category","embeddable":true,"href":"https:\/\/apub.org.br\/siteantigo\/wp-json\/wp\/v2\/categories?post=34708"},{"taxonomy":"post_tag","embeddable":true,"href":"https:\/\/apub.org.br\/siteantigo\/wp-json\/wp\/v2\/tags?post=34708"}],"curies":[{"name":"wp","href":"https:\/\/api.w.org\/{rel}","templated":true}]}}