{"id":34794,"date":"2021-07-01T16:07:51","date_gmt":"2021-07-01T16:07:51","guid":{"rendered":"http:\/\/apub.org.br\/?p=34794"},"modified":"2021-07-01T16:07:52","modified_gmt":"2021-07-01T16:07:52","slug":"proifes-federacao-participa-de-entrega-de-superpedido-de-impeachment-em-brasilia","status":"publish","type":"post","link":"https:\/\/apub.org.br\/siteantigo\/proifes-federacao-participa-de-entrega-de-superpedido-de-impeachment-em-brasilia\/","title":{"rendered":"PROIFES-Federa\u00e7\u00e3o participa de entrega de superpedido de impeachment em Bras\u00edlia"},"content":{"rendered":"\n<p>O PROIFES-Federa\u00e7\u00e3o, representado por seu tesoureiro, Fl\u00e1vio Alves da Silva, participou nesta quarta-feira, 30, na C\u00e2mara dos Deputados, em Bras\u00edlia, da entrega do superpedido de impeachment do presidente da Rep\u00fablica, Jair Bolsonaro. Mais de 700 entidades assinam o pedido, que unificou outros 120 documentos com a mesma finalidade.<\/p>\n\n\n\n<p>O documento aponta 23 tipos de acusa\u00e7\u00f5es. As suspeitas de irregularidades nas negocia\u00e7\u00f5es da vacina Covaxin e a den\u00fancia de suposta omiss\u00e3o de Bolsonaro ao ser avisado sobre o caso deram f\u00f4lego ao pedido para tirar o presidente do cargo. \u201cN\u00e3o podemos mais aguentar as a\u00e7\u00f5es desse governo contra a popula\u00e7\u00e3o. S\u00e3o centenas de ataques contra a democracia, contra os servi\u00e7os p\u00fablicos e contra a vida dos brasileiros\u201d, avalia Fl\u00e1vio Alves da Silva.<\/p>\n\n\n\n<p>A articula\u00e7\u00e3o para unificar todas as acusa\u00e7\u00f5es de suposto crime de responsabilidade atribu\u00eddo a Bolsonaro come\u00e7ou ainda em abril. O movimento envolveu partidos de esquerda, como PT, PDT, PSB, PCdoB e PSOL, mas tamb\u00e9m contou com ex-aliados de Bolsonaro, como os deputados Alexandre Frota (PSDB-SP), Joice Hasselmann (PSL-SP) e Kim Kataguiri (DEM-SP).<\/p>\n\n\n\n<p>Amea\u00e7as ao Congresso e ao Supremo Tribunal Federal (STF), al\u00e9m do apoio e a participa\u00e7\u00e3o em manifesta\u00e7\u00f5es antidemocr\u00e1ticas, tamb\u00e9m est\u00e3o inclu\u00eddas no superpedido.<\/p>\n\n\n\n<p>Al\u00e9m do PROIFES-Federa\u00e7\u00e3o, s\u00e3o signat\u00e1rios do documento partidos de um amplo espectro pol\u00edtico: PC do B, PSB, Rede, UP, PV; movimentos que comp\u00f5em a Frente Brasil Popular e a Frente Povo Sem Medo; al\u00e9m de organiza\u00e7\u00f5es da sociedade civil, federa\u00e7\u00f5es, centrais e sindicatos.<\/p>\n\n\n\n<p>Fonte: ADUFG-Sindicato\/PROIFES-Federa\u00e7\u00e3o<\/p>\n","protected":false},"excerpt":{"rendered":"<p>O PROIFES-Federa\u00e7\u00e3o, representado por seu tesoureiro, Fl\u00e1vio Alves da Silva, participou nesta quarta-feira, 30, na C\u00e2mara dos Deputados, em Bras\u00edlia, da entrega do superpedido de impeachment do presidente da Rep\u00fablica, Jair Bolsonaro. Mais de 700 entidades assinam o pedido, que unificou outros 120 documentos com a mesma finalidade. O documento aponta 23 tipos de acusa\u00e7\u00f5es. [&hellip;]<\/p>\n","protected":false},"author":2,"featured_media":34795,"comment_status":"closed","ping_status":"closed","sticky":false,"template":"","format":"standard","meta":{"footnotes":""},"categories":[146],"tags":[],"class_list":["post-34794","post","type-post","status-publish","format-standard","has-post-thumbnail","hentry","category-latest-news"],"_links":{"self":[{"href":"https:\/\/apub.org.br\/siteantigo\/wp-json\/wp\/v2\/posts\/34794","targetHints":{"allow":["GET"]}}],"collection":[{"href":"https:\/\/apub.org.br\/siteantigo\/wp-json\/wp\/v2\/posts"}],"about":[{"href":"https:\/\/apub.org.br\/siteantigo\/wp-json\/wp\/v2\/types\/post"}],"author":[{"embeddable":true,"href":"https:\/\/apub.org.br\/siteantigo\/wp-json\/wp\/v2\/users\/2"}],"replies":[{"embeddable":true,"href":"https:\/\/apub.org.br\/siteantigo\/wp-json\/wp\/v2\/comments?post=34794"}],"version-history":[{"count":0,"href":"https:\/\/apub.org.br\/siteantigo\/wp-json\/wp\/v2\/posts\/34794\/revisions"}],"wp:featuredmedia":[{"embeddable":true,"href":"https:\/\/apub.org.br\/siteantigo\/wp-json\/wp\/v2\/media\/34795"}],"wp:attachment":[{"href":"https:\/\/apub.org.br\/siteantigo\/wp-json\/wp\/v2\/media?parent=34794"}],"wp:term":[{"taxonomy":"category","embeddable":true,"href":"https:\/\/apub.org.br\/siteantigo\/wp-json\/wp\/v2\/categories?post=34794"},{"taxonomy":"post_tag","embeddable":true,"href":"https:\/\/apub.org.br\/siteantigo\/wp-json\/wp\/v2\/tags?post=34794"}],"curies":[{"name":"wp","href":"https:\/\/api.w.org\/{rel}","templated":true}]}}