{"id":35100,"date":"2021-07-23T17:10:03","date_gmt":"2021-07-23T17:10:03","guid":{"rendered":"http:\/\/apub.org.br\/?p=35100"},"modified":"2021-07-23T17:10:05","modified_gmt":"2021-07-23T17:10:05","slug":"apub-em-apoio-a-luta-dos-povos-indigenas-contribua-tambem","status":"publish","type":"post","link":"https:\/\/apub.org.br\/siteantigo\/apub-em-apoio-a-luta-dos-povos-indigenas-contribua-tambem\/","title":{"rendered":"Apub em apoio \u00e0 luta dos povos ind\u00edgenas; contribua tamb\u00e9m"},"content":{"rendered":"\n<p>Os povos origin\u00e1rios de todo o pa\u00eds t\u00eam se organizado para enfrentar uma s\u00e9rie de medidas orquestrada pelo governo e pela bancada ruralista do Congresso Nacional que amea\u00e7am direitos constitucionais, como a demarca\u00e7\u00e3o dos territ\u00f3rios ind\u00edgenas.<\/p>\n\n\n\n<p>Em junho, aconteceram mobiliza\u00e7\u00f5es em Bras\u00edlia e estados, inclusive em Salvador com apoio do sindicato e outras cidades da Bahia, contra a aprova\u00e7\u00e3o do Projeto de Lei 490\/2007 &#8211; o qual prev\u00ea, entre outros pontos, que a demarca\u00e7\u00e3o de Terras Ind\u00edgenas seja feita atrav\u00e9s de leis, tirando da Uni\u00e3o a responsabilidade de demarc\u00e1-las conforme determina a Constitui\u00e7\u00e3o de 88 e a abertura das TI\u00b4s para a minera\u00e7\u00e3o e grandes empreendimentos econ\u00f4micos \u2013 e tamb\u00e9m contr\u00e1rias \u00e0 tese do Marco Temporal que defende a demarca\u00e7\u00e3o apenas dos territ\u00f3rios ocupados por ind\u00edgenas em 5 de outubro de 1988. <\/p>\n\n\n\n<p>Nesse contexto de luta, as manifesta\u00e7\u00f5es foram seriamente reprimidas pela viol\u00eancia policial e diversas lideran\u00e7as ind\u00edgenas e comunidades v\u00eam sendo amea\u00e7adas e agredidas. A admissibilidade do PL foi aprovada na Comiss\u00e3o de Constitui\u00e7\u00e3o e Justi\u00e7a da C\u00e2mara dos Deputados no dia 23 de junho; agora, com a previs\u00e3o da vota\u00e7\u00e3o da PL no Congresso Nacional e julgamento do Marco Temporal no Supremo Tribunal Federal para agosto, os ind\u00edgenas pretendem retomar o acampamento em Bras\u00edlia e realizar novas manifesta\u00e7\u00f5es nacionalmente de 22 a 28\/08. <\/p>\n\n\n\n<p>Para tanto, uma campanha de arrecada\u00e7\u00e3o tem sido realizada pelo Movimento Unido dos Povos e Organiza\u00e7\u00f5es Ind\u00edgenas da Bahia (MUPOIBA), com apoio da Apub e outras entidades, a fim de garantir a ida de uma delega\u00e7\u00e3o com maior n\u00famero de pessoas. Para doar e contribuir com a luta ind\u00edgena, <a href=\"http:\/\/vaka.me\/2218524?utm_campaign=whatsapp&amp;utm_medium=website&amp;utm_content=2218524&amp;utm_sour\">acesse aqui<\/a>.\u00a0<\/p>\n","protected":false},"excerpt":{"rendered":"<p>Os povos origin\u00e1rios de todo o pa\u00eds t\u00eam se organizado para enfrentar uma s\u00e9rie de medidas orquestrada pelo governo e pela bancada ruralista do Congresso Nacional que amea\u00e7am direitos constitucionais, como a demarca\u00e7\u00e3o dos territ\u00f3rios ind\u00edgenas. Em junho, aconteceram mobiliza\u00e7\u00f5es em Bras\u00edlia e estados, inclusive em Salvador com apoio do sindicato e outras cidades da [&hellip;]<\/p>\n","protected":false},"author":2,"featured_media":35101,"comment_status":"closed","ping_status":"closed","sticky":false,"template":"","format":"standard","meta":{"footnotes":""},"categories":[146],"tags":[],"class_list":["post-35100","post","type-post","status-publish","format-standard","has-post-thumbnail","hentry","category-latest-news"],"_links":{"self":[{"href":"https:\/\/apub.org.br\/siteantigo\/wp-json\/wp\/v2\/posts\/35100","targetHints":{"allow":["GET"]}}],"collection":[{"href":"https:\/\/apub.org.br\/siteantigo\/wp-json\/wp\/v2\/posts"}],"about":[{"href":"https:\/\/apub.org.br\/siteantigo\/wp-json\/wp\/v2\/types\/post"}],"author":[{"embeddable":true,"href":"https:\/\/apub.org.br\/siteantigo\/wp-json\/wp\/v2\/users\/2"}],"replies":[{"embeddable":true,"href":"https:\/\/apub.org.br\/siteantigo\/wp-json\/wp\/v2\/comments?post=35100"}],"version-history":[{"count":0,"href":"https:\/\/apub.org.br\/siteantigo\/wp-json\/wp\/v2\/posts\/35100\/revisions"}],"wp:featuredmedia":[{"embeddable":true,"href":"https:\/\/apub.org.br\/siteantigo\/wp-json\/wp\/v2\/media\/35101"}],"wp:attachment":[{"href":"https:\/\/apub.org.br\/siteantigo\/wp-json\/wp\/v2\/media?parent=35100"}],"wp:term":[{"taxonomy":"category","embeddable":true,"href":"https:\/\/apub.org.br\/siteantigo\/wp-json\/wp\/v2\/categories?post=35100"},{"taxonomy":"post_tag","embeddable":true,"href":"https:\/\/apub.org.br\/siteantigo\/wp-json\/wp\/v2\/tags?post=35100"}],"curies":[{"name":"wp","href":"https:\/\/api.w.org\/{rel}","templated":true}]}}