{"id":35103,"date":"2021-07-23T17:51:28","date_gmt":"2021-07-23T17:51:28","guid":{"rendered":"http:\/\/apub.org.br\/?p=35103"},"modified":"2021-08-06T12:40:29","modified_gmt":"2021-08-06T12:40:29","slug":"a-reforma-administrativa-vai-reduzir-as-ferias-dos-professores","status":"publish","type":"post","link":"https:\/\/apub.org.br\/siteantigo\/a-reforma-administrativa-vai-reduzir-as-ferias-dos-professores\/","title":{"rendered":"A Reforma Administrativa vai reduzir as f\u00e9rias dos professores"},"content":{"rendered":"\n<div class=\"wp-block-image\"><figure class=\"aligncenter size-large is-resized\"><img fetchpriority=\"high\" decoding=\"async\" src=\"http:\/\/apub.org.br\/wp-content\/uploads\/2021\/07\/Reforma-vai-reduzir-ferias-professores-APUB-1024x1024.jpg\" alt=\"A Reforma Administrativa vai reduzir as f\u00e9rias dos professores\" class=\"wp-image-35104\" width=\"612\" height=\"612\" srcset=\"https:\/\/apub.org.br\/siteantigo\/wp-content\/uploads\/2021\/07\/Reforma-vai-reduzir-ferias-professores-APUB-1024x1024.jpg 1024w, https:\/\/apub.org.br\/siteantigo\/wp-content\/uploads\/2021\/07\/Reforma-vai-reduzir-ferias-professores-APUB-300x300.jpg 300w, https:\/\/apub.org.br\/siteantigo\/wp-content\/uploads\/2021\/07\/Reforma-vai-reduzir-ferias-professores-APUB-150x150.jpg 150w, https:\/\/apub.org.br\/siteantigo\/wp-content\/uploads\/2021\/07\/Reforma-vai-reduzir-ferias-professores-APUB-768x768.jpg 768w, https:\/\/apub.org.br\/siteantigo\/wp-content\/uploads\/2021\/07\/Reforma-vai-reduzir-ferias-professores-APUB.jpg 1080w\" sizes=\"(max-width: 612px) 100vw, 612px\" \/><\/figure><\/div>\n\n\n\n<p class=\"has-text-align-center\">&#x1f925; Para aprovar a Reforma Administrativa (PEC 32\/2020), o Governo Federal engana a popula\u00e7\u00e3o dizendo que acabar\u00e1 com \u201cprivil\u00e9gios\u201d.<\/p>\n\n\n\n<p class=\"has-text-align-center\">&#x1f92f; Mas, ele n\u00e3o mexer\u00e1 com as carreiras que est\u00e3o no topo do funcionalismo (com seus altos sal\u00e1rios), e sim com os servidores que atendem diretamente a popula\u00e7\u00e3o.<\/p>\n\n\n\n<p class=\"has-text-align-center\">&#x2702; Dentre as crueldades est\u00e1 a redu\u00e7\u00e3o do per\u00edodo de f\u00e9rias professores, de (at\u00e9) 45 dias para (at\u00e9) 30 dias.<\/p>\n\n\n\n<p class=\"has-text-align-center\">&#x1f910; O governo n\u00e3o conta, mas esses 45 dias se justificam pela \u201cdin\u00e2mica\u201d de trabalho, que n\u00e3o envolve apenas aulas. Enquanto os estudantes est\u00e3o em f\u00e9rias, professores seguem planejando aulas, avaliando conte\u00fados, orientando alunos e realizando muitas outras tarefas.<\/p>\n\n\n\n<p class=\"has-text-align-center\">E nas universidades p\u00fablicas o trabalho \u00e9 ampliado, j\u00e1 que professores est\u00e3o envolvidos em projetos tamb\u00e9m de pesquisa e de extens\u00e3o, al\u00e9m de in\u00fameras atividades acad\u00eamicas e administrativas.<\/p>\n\n\n\n<p class=\"has-text-align-center\">&#x1f613; Ou seja, diferentemente do que diz o governo, os 45 dias de f\u00e9rias n\u00e3o s\u00e3o um \u201cprivil\u00e9gio\u201d, mas uma per\u00edodo para reduzir o impacto da sobrecarga de uma carreira extenuante, respons\u00e1vel pela maior parte dos casos de esgotamento profissional, stress e adoecimento.<\/p>\n\n\n\n<p class=\"has-text-align-center\">Enquanto isso, algumas carreiras das quais o governo tem medo tiram 54 dias (deputados e senadores) a 60 dias de f\u00e9rias (magistrados).<\/p>\n\n\n\n<p class=\"has-text-align-center\">&#x1f621; Como se v\u00ea, a medida \u00e9 uma proposital desvaloriza\u00e7\u00e3o dos professores, j\u00e1 que 96% dos profissionais do \u00e2mbito federal atuam no magist\u00e9rio, e s\u00e3o perseguidos pelo governo porque estimulam o pensamento cr\u00edtico e a busca por uma sociedade mais humana.<\/p>\n\n\n\n<p class=\"has-text-align-center\">&#x1f449; Al\u00e9m de afetar diretamente a qualidade da Educa\u00e7\u00e3o, a PEC 32\/2020 contribuir\u00e1 para o aumento do desgaste da profiss\u00e3o.<br>Barrar a PEC 32\/2020 \u00e9 fundamental para qualquer projeto de pa\u00eds baseado em educa\u00e7\u00e3o de qualidade.<\/p>\n\n\n\n<p><\/p>\n\n\n\n<h2 class=\"has-text-align-center wp-block-heading\">ReformaAdministrativaN\u00e3o #GovernoContraoPovo #GovernoMente #DefendaoServi\u00e7oP\u00fablico #PEC32N\u00e3o #Servi\u00e7osP\u00fablicos<\/h2>\n","protected":false},"excerpt":{"rendered":"<p>&#x1f925; Para aprovar a Reforma Administrativa (PEC 32\/2020), o Governo Federal engana a popula\u00e7\u00e3o dizendo que acabar\u00e1 com \u201cprivil\u00e9gios\u201d. &#x1f92f; Mas, ele n\u00e3o mexer\u00e1 com as carreiras que est\u00e3o no topo do funcionalismo (com seus altos sal\u00e1rios), e sim com os servidores que atendem diretamente a popula\u00e7\u00e3o. &#x2702; Dentre as crueldades est\u00e1 a redu\u00e7\u00e3o do [&hellip;]<\/p>\n","protected":false},"author":2,"featured_media":35104,"comment_status":"closed","ping_status":"closed","sticky":false,"template":"","format":"standard","meta":{"footnotes":""},"categories":[760,530,146],"tags":[661,175,177,590,783],"class_list":["post-35103","post","type-post","status-publish","format-standard","has-post-thumbnail","hentry","category-comunicacao","category-destaques-1","category-latest-news","tag-apubnarua","tag-apub","tag-apub-sindicato-2","tag-congresso-apub","tag-reforma-administrativa"],"_links":{"self":[{"href":"https:\/\/apub.org.br\/siteantigo\/wp-json\/wp\/v2\/posts\/35103","targetHints":{"allow":["GET"]}}],"collection":[{"href":"https:\/\/apub.org.br\/siteantigo\/wp-json\/wp\/v2\/posts"}],"about":[{"href":"https:\/\/apub.org.br\/siteantigo\/wp-json\/wp\/v2\/types\/post"}],"author":[{"embeddable":true,"href":"https:\/\/apub.org.br\/siteantigo\/wp-json\/wp\/v2\/users\/2"}],"replies":[{"embeddable":true,"href":"https:\/\/apub.org.br\/siteantigo\/wp-json\/wp\/v2\/comments?post=35103"}],"version-history":[{"count":0,"href":"https:\/\/apub.org.br\/siteantigo\/wp-json\/wp\/v2\/posts\/35103\/revisions"}],"wp:featuredmedia":[{"embeddable":true,"href":"https:\/\/apub.org.br\/siteantigo\/wp-json\/wp\/v2\/media\/35104"}],"wp:attachment":[{"href":"https:\/\/apub.org.br\/siteantigo\/wp-json\/wp\/v2\/media?parent=35103"}],"wp:term":[{"taxonomy":"category","embeddable":true,"href":"https:\/\/apub.org.br\/siteantigo\/wp-json\/wp\/v2\/categories?post=35103"},{"taxonomy":"post_tag","embeddable":true,"href":"https:\/\/apub.org.br\/siteantigo\/wp-json\/wp\/v2\/tags?post=35103"}],"curies":[{"name":"wp","href":"https:\/\/api.w.org\/{rel}","templated":true}]}}