{"id":35577,"date":"2021-09-16T17:28:22","date_gmt":"2021-09-16T17:28:22","guid":{"rendered":"http:\/\/apub.org.br\/?p=35577"},"modified":"2021-09-16T17:28:24","modified_gmt":"2021-09-16T17:28:24","slug":"centenario-paulo-freire-veja-a-programacao-dos-dias-19-e-20-de-setembro","status":"publish","type":"post","link":"https:\/\/apub.org.br\/siteantigo\/centenario-paulo-freire-veja-a-programacao-dos-dias-19-e-20-de-setembro\/","title":{"rendered":"Centen\u00e1rio Paulo Freire &#8211; veja a programa\u00e7\u00e3o dos dias 19 e 20 de setembro"},"content":{"rendered":"\n<p>O centen\u00e1rio do educador pernambucano Paulo Freire, que em 19 de setembro de 2021 completaria 100 anos, ser\u00e1 comemorado virtualmente com muita alegria e cultura popular. Uma dezena de institui\u00e7\u00f5es do movimento educacional brasileiro e internacional promovem, nos dias 19 e 20 de setembro, o 100\u00ba Anivers\u00e1rio de Paulo Freire em evento virtual. Veja a seguir a programa\u00e7\u00e3o completa do evento. Se preferir, clique aqui para baixar o&nbsp;<a href=\"https:\/\/www.cnte.org.br\/images\/stories\/2021\/2021_09_14_centenario_programao_19set.pdf\">PDF da programa\u00e7\u00e3o do dia 19<\/a>&nbsp;e&nbsp;<a href=\"https:\/\/www.cnte.org.br\/images\/stories\/2021\/2021_09_14_centenario_programacao_20set.pdf\">clique&nbsp;aqui para baixar a do dia 20.<\/a><\/p>\n\n\n\n<p><br><strong>DIA 19 DE SETEMBRO<\/strong><\/p>\n\n\n\n<p>Comemora\u00e7\u00f5es Centen\u00e1rio Paulo Freire | \u201cEduca\u00e7\u00e3o n\u00e3o transforma o mundo. Educa\u00e7\u00e3o muda as pessoas. Pessoastransformam o mundo.\u201d<br><br>14h00: Abertura: IE, RED ESTRADO e CEAAL<br>\u2022 Coordena\u00e7\u00e3o CNTE: Heleno<br><br>Execu\u00e7\u00e3o do Hino do Brasil &#8211; Cavouco trio.<br>\u2022 Internacional da Educa\u00e7\u00e3o, Roberto Le\u00e3o<br>\u2022 Red Estrado, Dalila Oliveira<br>\u2022 CEAAL, Raimunda Oliveira<br>\u2022 Reitor da UFPE, Alfredo Gomes<br><br>14h20: Cavouco Trio:<br>Paula Bujes e Pedro Huff (cordas) e Ant\u00f4nio Barreto (percuss\u00e3o): professores do Departamento de M\u00fasica da UFPE)<br><br>14h35: Exibi\u00e7\u00e3o de v\u00eddeos<br><br>14h55: Apresenta\u00e7\u00e3o do Bloco L\u00edrico Flor da Lira de Olinda<br><br>15h15: Exibi\u00e7\u00e3o de v\u00eddeos<br><br>15h30: Apresenta\u00e7\u00e3o Quadrilha Junina Origem Nordestina (15 min).<br><br>F\u00e1tima Silva<br><br>15h50: Inaugura\u00e7\u00e3o Busto Paulo Freire em Buenos Aires\/Argentina<br><br>16h20: Show de Silv\u00e9rio Pessoa<br><br>17h10: Exibi\u00e7\u00e3o de v\u00eddeos<br><br>17h20: Apresenta\u00e7\u00e3o do grupo Maracatu Estrela Brilhante do Recife<br><br>17h40: Apresenta\u00e7\u00e3o da cordelista Mariane Bigio<br><br>18h00 \u2013 Apresenta\u00e7\u00e3o de Alceu Valen\u00e7a<br><br>19h00 \u2013 F\u00e1tima Silva: Convoca\u00e7\u00e3o da Plen\u00e1ria Mundial Popular de Educa\u00e7\u00e3o<br><br><strong>PROGRAMA\u00c7\u00c3O DO DIA 20 DE SETEMBRO<\/strong><br><br>Plen\u00e1ria Mundial Popular de Educa\u00e7\u00e3o<\/p>\n\n\n\n<p>Blocos tem\u00e1ticos<\/p>\n\n\n\n<p>Bloco 1: 09h00 \u00e0s 10h00<br>Aula Magna UFPE<\/p>\n\n\n\n<p>Bloco 2: 10h00 \u00e0s 11h00<br>Paulo Freire e o Movimento Sindical da Educa\u00e7\u00e3o<br>\u201cN\u00e3o basta saber ler que &#8216;Eva viu a uva&#8217;. \u00c9 preciso compreender qual a posi\u00e7\u00e3o que Eva ocupa no seu contexto social, quem trabalha para produzir a uva e quem lucra com esse trabalho.\u201d<\/p>\n\n\n\n<p>Bloco 3: 11h00 \u00e0s 12h00<br>Paulo Freire e o Movimento Pedag\u00f3gico Latinoamericano<br>A educa\u00e7\u00e3o \u00e9 um ato de amor, por isso, um ato de coragem. N\u00e3o pode temer o debate. A an\u00e1lise da realidade. N\u00e3o pode fugir \u00e0 discuss\u00e3o criadora, sob pena de ser uma farsa.<\/p>\n\n\n\n<p>Bloco 4: 12h00 \u00e0s 13h00<br>Paulo Freire: Pesquisa e A\u00e7\u00e3o na Am\u00e9rica Latina<br>N\u00e3o \u00e9 no sil\u00eancio que os homens se fazem, mas na palavra, no trabalho, na a\u00e7\u00e3o-reflex\u00e3o<\/p>\n\n\n\n<p>Bloco 5: 13h00 \u00e0s 14h00<br>Paulo Freire e os saberes das Juventudes<br>Ensinar e aprender n\u00e3o pode dar-se fora da procura, fora da boniteza e da alegria<\/p>\n\n\n\n<p>Bloco 6: 14h00 \u00e0s 15h00<br>Paulo Freire o ensino, a cultura e a ci\u00eancia<br>Ensinar n\u00e3o \u00e9 transferir conhecimento, mas criar as possibilidades para a sua pr\u00f3priaprodu\u00e7\u00e3o ou a sua constru\u00e7\u00e3o<\/p>\n\n\n\n<p>Bloco 7: 15h00 \u00e0s 16h00<br>Paulo Freire e os Movimentos sociais<br>Desrespeitando os fracos, enganando os incautos, ofendendo a vida, explorando os outros, discriminando o \u00edndio, o negro, a mulher, n\u00e3o estarei ajudando meus filhos a sers\u00e9rios, justos e amorosos da vida e dos outros<\/p>\n\n\n\n<p>Bloco 8: 16h00 \u00e0s 17h00<br>Paulo Freire \u00e9 do Mundo<br>A leitura do mundo precede a leitura da palavra.<\/p>\n\n\n\n<p>Bloco 9: 17h00 \u00e0s 18h00<br>Viv\u00eancias com Paulo Freire: A\u00e7\u00f5es coletivas<br>Educar \u00e9 impregnar de sentido o que fazemos a cada instante!<\/p>\n\n\n\n<p>Bloco 10: 18h00 \u00e0s 19h00<br>Paulo Freire e o exerc\u00edcio pol\u00edtico nos espa\u00e7os de poder<br>Lavar as m\u00e3os do conflito entre os poderosos e os impotentes significa ficar do lado dos poderosos, n\u00e3o ser neutro. O educador tem o dever de n\u00e3o ser neutro.<\/p>\n\n\n\n<p>Fonte: CNTE<\/p>\n","protected":false},"excerpt":{"rendered":"<p>O centen\u00e1rio do educador pernambucano Paulo Freire, que em 19 de setembro de 2021 completaria 100 anos, ser\u00e1 comemorado virtualmente com muita alegria e cultura popular. Uma dezena de institui\u00e7\u00f5es do movimento educacional brasileiro e internacional promovem, nos dias 19 e 20 de setembro, o 100\u00ba Anivers\u00e1rio de Paulo Freire em evento virtual. Veja a [&hellip;]<\/p>\n","protected":false},"author":2,"featured_media":35578,"comment_status":"closed","ping_status":"closed","sticky":false,"template":"","format":"standard","meta":{"footnotes":""},"categories":[530,146],"tags":[],"class_list":["post-35577","post","type-post","status-publish","format-standard","has-post-thumbnail","hentry","category-destaques-1","category-latest-news"],"_links":{"self":[{"href":"https:\/\/apub.org.br\/siteantigo\/wp-json\/wp\/v2\/posts\/35577","targetHints":{"allow":["GET"]}}],"collection":[{"href":"https:\/\/apub.org.br\/siteantigo\/wp-json\/wp\/v2\/posts"}],"about":[{"href":"https:\/\/apub.org.br\/siteantigo\/wp-json\/wp\/v2\/types\/post"}],"author":[{"embeddable":true,"href":"https:\/\/apub.org.br\/siteantigo\/wp-json\/wp\/v2\/users\/2"}],"replies":[{"embeddable":true,"href":"https:\/\/apub.org.br\/siteantigo\/wp-json\/wp\/v2\/comments?post=35577"}],"version-history":[{"count":1,"href":"https:\/\/apub.org.br\/siteantigo\/wp-json\/wp\/v2\/posts\/35577\/revisions"}],"predecessor-version":[{"id":35579,"href":"https:\/\/apub.org.br\/siteantigo\/wp-json\/wp\/v2\/posts\/35577\/revisions\/35579"}],"wp:featuredmedia":[{"embeddable":true,"href":"https:\/\/apub.org.br\/siteantigo\/wp-json\/wp\/v2\/media\/35578"}],"wp:attachment":[{"href":"https:\/\/apub.org.br\/siteantigo\/wp-json\/wp\/v2\/media?parent=35577"}],"wp:term":[{"taxonomy":"category","embeddable":true,"href":"https:\/\/apub.org.br\/siteantigo\/wp-json\/wp\/v2\/categories?post=35577"},{"taxonomy":"post_tag","embeddable":true,"href":"https:\/\/apub.org.br\/siteantigo\/wp-json\/wp\/v2\/tags?post=35577"}],"curies":[{"name":"wp","href":"https:\/\/api.w.org\/{rel}","templated":true}]}}