{"id":36401,"date":"2021-12-17T19:37:47","date_gmt":"2021-12-17T19:37:47","guid":{"rendered":"http:\/\/apub.org.br\/?p=36401"},"modified":"2021-12-17T20:22:14","modified_gmt":"2021-12-17T20:22:14","slug":"em-2022-adurn-sindicato-recebe-o-iv-encontro-nacional-de-direitos-humanos-do-proifes-federacao","status":"publish","type":"post","link":"https:\/\/apub.org.br\/siteantigo\/em-2022-adurn-sindicato-recebe-o-iv-encontro-nacional-de-direitos-humanos-do-proifes-federacao\/","title":{"rendered":"Em 2022, ADURN-Sindicato recebe o IV Encontro Nacional de Direitos Humanos do PROIFES-Federa\u00e7\u00e3o"},"content":{"rendered":"\n<p>O ADURN-Sindicato receber\u00e1, em 2022, o IV Encontro Nacional do Grupo de Trabalho (GT) Direitos Humanos do PROIFES-Federa\u00e7\u00e3o. O an\u00fancio foi feito durante a semana \u201cFome n\u00e3o \u00e9 Fake\u201d, que est\u00e1 acontecendo entre os dias 8 e 10 de dezembro, em Bras\u00edlia. O evento est\u00e1 marcado para acontecer nos dias 31 de mar\u00e7o e 1\u00ba de abril, data que marca os 58 anos do golpe militar no Brasil.<\/p>\n\n\n\n<figure class=\"wp-block-embed is-type-video is-provider-youtube wp-block-embed-youtube wp-embed-aspect-16-9 wp-has-aspect-ratio\"><div class=\"wp-block-embed__wrapper\">\n<iframe title=\"Ros\u00e2ngela Gon\u00e7alves - GT Direitos Humanos do PROIFES-Federa\u00e7\u00e3o\" width=\"800\" height=\"450\" src=\"https:\/\/www.youtube.com\/embed\/YKyLiZigJTk?feature=oembed\" frameborder=\"0\" allow=\"accelerometer; autoplay; clipboard-write; encrypted-media; gyroscope; picture-in-picture\" allowfullscreen><\/iframe>\n<\/div><\/figure>\n\n\n\n<p>\u201cA tem\u00e1tica ser\u00e1 a defesa irrestrita da Democracia. Entendemos que s\u00f3 \u00e9 poss\u00edvel um espa\u00e7o onde os direitos existem e s\u00e3o respeitados, quando o espa\u00e7o p\u00fablico \u00e9 democr\u00e1tico, quando as pessoas conseguem expressar e reivindicar os direitos b\u00e1sicos de uma sociedade livre. N\u00e3o \u00e9 poss\u00edvel fazer isso em uma ditadura\u201d, afirmou a coordenadora do GT Direitos Humanos do PROIFES-Federa\u00e7\u00e3o e presidenta do Sindiedutec, Ros\u00e2ngela Gon\u00e7alves,<\/p>\n\n\n\n<p>Para o presidente do ADURN-Sindicato, Oswaldo Negr\u00e3o, a discuss\u00e3o \u00e9 hoje importante e necess\u00e1ria, especialmente em um pa\u00eds que vivencia graves ataques \u00e0s estruturas que comp\u00f5em o Estado Democr\u00e1tico de Direito. \u201cConvidamos toda a comunidade acad\u00eamica para somar conosco na constru\u00e7\u00e3o deste grande evento\u201d, disse o dirigente. Oswaldo explicou que o evento estava previsto para acontecer em Natal no ano de 2020, mas, em virtude da pandemia, foi adiado.<\/p>\n\n\n\n<figure class=\"wp-block-embed is-type-video is-provider-youtube wp-block-embed-youtube wp-embed-aspect-16-9 wp-has-aspect-ratio\"><div class=\"wp-block-embed__wrapper\">\n<iframe title=\"Oswaldo Negr\u00e3o - GT Direitos Humanos do PROIFES-Federa\u00e7\u00e3o\" width=\"800\" height=\"450\" src=\"https:\/\/www.youtube.com\/embed\/QSCgBLdbv1s?feature=oembed\" frameborder=\"0\" allow=\"accelerometer; autoplay; clipboard-write; encrypted-media; gyroscope; picture-in-picture\" allowfullscreen><\/iframe>\n<\/div><\/figure>\n\n\n\n<p>\u201cNosso encontro vai tamb\u00e9m dialogar com os trabalhadores e trabalhadoras de Natal, rendeiras de bilro e jangadeiros, para que a gente saia das nossas bolhas, das nossas salas, para conversar e escutar a popula\u00e7\u00e3o, pois entendemos que este tamb\u00e9m \u00e9 um direito que faz parte da nossa compreens\u00e3o ampliada de Direitos Humanos\u201d, afirmou Ros\u00e2ngela.<\/p>\n\n\n\n<p>A programa\u00e7\u00e3o do IV Encontro Nacional de Direitos Humanos do PROIFES ser\u00e1 disponibilizada em breve na p\u00e1gina da federa\u00e7\u00e3o: www.proifes.org.br.<\/p>\n","protected":false},"excerpt":{"rendered":"<p>O ADURN-Sindicato receber\u00e1, em 2022, o IV Encontro Nacional do Grupo de Trabalho (GT) Direitos Humanos do PROIFES-Federa\u00e7\u00e3o. O an\u00fancio foi feito durante a semana \u201cFome n\u00e3o \u00e9 Fake\u201d, que est\u00e1 acontecendo entre os dias 8 e 10 de dezembro, em Bras\u00edlia. O evento est\u00e1 marcado para acontecer nos dias 31 de mar\u00e7o e 1\u00ba [&hellip;]<\/p>\n","protected":false},"author":2,"featured_media":36412,"comment_status":"closed","ping_status":"closed","sticky":false,"template":"","format":"standard","meta":{"footnotes":""},"categories":[530,146],"tags":[],"class_list":["post-36401","post","type-post","status-publish","format-standard","has-post-thumbnail","hentry","category-destaques-1","category-latest-news"],"_links":{"self":[{"href":"https:\/\/apub.org.br\/siteantigo\/wp-json\/wp\/v2\/posts\/36401","targetHints":{"allow":["GET"]}}],"collection":[{"href":"https:\/\/apub.org.br\/siteantigo\/wp-json\/wp\/v2\/posts"}],"about":[{"href":"https:\/\/apub.org.br\/siteantigo\/wp-json\/wp\/v2\/types\/post"}],"author":[{"embeddable":true,"href":"https:\/\/apub.org.br\/siteantigo\/wp-json\/wp\/v2\/users\/2"}],"replies":[{"embeddable":true,"href":"https:\/\/apub.org.br\/siteantigo\/wp-json\/wp\/v2\/comments?post=36401"}],"version-history":[{"count":4,"href":"https:\/\/apub.org.br\/siteantigo\/wp-json\/wp\/v2\/posts\/36401\/revisions"}],"predecessor-version":[{"id":36420,"href":"https:\/\/apub.org.br\/siteantigo\/wp-json\/wp\/v2\/posts\/36401\/revisions\/36420"}],"wp:featuredmedia":[{"embeddable":true,"href":"https:\/\/apub.org.br\/siteantigo\/wp-json\/wp\/v2\/media\/36412"}],"wp:attachment":[{"href":"https:\/\/apub.org.br\/siteantigo\/wp-json\/wp\/v2\/media?parent=36401"}],"wp:term":[{"taxonomy":"category","embeddable":true,"href":"https:\/\/apub.org.br\/siteantigo\/wp-json\/wp\/v2\/categories?post=36401"},{"taxonomy":"post_tag","embeddable":true,"href":"https:\/\/apub.org.br\/siteantigo\/wp-json\/wp\/v2\/tags?post=36401"}],"curies":[{"name":"wp","href":"https:\/\/api.w.org\/{rel}","templated":true}]}}