{"id":36403,"date":"2021-12-17T18:19:51","date_gmt":"2021-12-17T18:19:51","guid":{"rendered":"http:\/\/apub.org.br\/?p=36403"},"modified":"2021-12-17T19:38:07","modified_gmt":"2021-12-17T19:38:07","slug":"14a-semana-de-mobilizacao-contra-pec-32-reforma-administrativa-nao-sera-votada-em-2021","status":"publish","type":"post","link":"https:\/\/apub.org.br\/siteantigo\/14a-semana-de-mobilizacao-contra-pec-32-reforma-administrativa-nao-sera-votada-em-2021\/","title":{"rendered":"14\u00aa semana de mobiliza\u00e7\u00e3o contra PEC 32: reforma administrativa n\u00e3o ser\u00e1 votada em 2021"},"content":{"rendered":"\n<p>A PEC 32, chamada de Reforma Administrativa, n\u00e3o entra mais em pauta para vota\u00e7\u00e3o na C\u00e2mara em 2021 e parte dessa conquista se deve \u00e0 mobiliza\u00e7\u00e3o tocada por sindicatos, movimentos sociais e outras frentes da sociedade civil durante o ano, apesar da sanha do governo e de seus aliados no Congresso em impor projetos que avan\u00e7am com a agenda neoliberal de privatiza\u00e7\u00f5es e desmonte dos servi\u00e7os p\u00fablicos. Mas, a luta n\u00e3o acabou e o objetivo \u00e9 derrubar de vez a PEC 32 em 2022.<\/p>\n\n\n\n<p>Em uma das frentes de luta, a Apub e o PROIFES-Federa\u00e7\u00e3o estiveram em Bras\u00edlia, junto a outros sindicatos de servidores\/as p\u00fablicos, durante 14 semanas consecutivas para pressionar as\/os parlamentares contra a aprova\u00e7\u00e3o da proposta, que por tratar-se de Emenda Constitui\u00e7\u00e3o, necessita de 3\/5 dos votos de deputados\/as (308) e senadores\/as (49). As entidades enviaram suas delega\u00e7\u00f5es de docentes para participar das a\u00e7\u00f5es em aeroportos e no Congresso, articulando estrat\u00e9gias para derrotar a PEC 32 com parlamentares contr\u00e1rios \u00e0 proposta, conversando e pressionando deputados\/as contr\u00e1rios ou indecisos. <\/p>\n\n\n\n<p>Durante esses meses, a Apub tamb\u00e9m atuou, junto com a Frente Baiana pela Educa\u00e7\u00e3o, nas bases eleitorais dos deputados e deputadas da bancada baiana, com passagens de carros de som denunciando a amea\u00e7a que a PEC 32 representa para a carreira e condi\u00e7\u00f5es de trabalho de uma parcela de servidores p\u00fablicos &#8211; aquela com menores remunera\u00e7\u00f5es e que lidam diretamente com a popula\u00e7\u00e3o, a exemplo de professores\/as, profissionais de sa\u00fade e da assist\u00eancia social \u2013 e para a manuten\u00e7\u00e3o e gratuidade do Servi\u00e7o P\u00fablico.<\/p>\n\n\n\n<figure class=\"wp-block-gallery columns-1 is-cropped wp-block-gallery-1 is-layout-flex wp-block-gallery-is-layout-flex\"><ul class=\"blocks-gallery-grid\"><li class=\"blocks-gallery-item\"><figure><img fetchpriority=\"high\" decoding=\"async\" width=\"600\" height=\"450\" src=\"http:\/\/apub.org.br\/wp-content\/uploads\/2021\/12\/apubcong.jpg\" alt=\"\" data-id=\"36405\" data-full-url=\"http:\/\/apub.org.br\/wp-content\/uploads\/2021\/12\/apubcong.jpg\" data-link=\"http:\/\/apub.org.br\/?attachment_id=36405\" class=\"wp-image-36405\" srcset=\"https:\/\/apub.org.br\/siteantigo\/wp-content\/uploads\/2021\/12\/apubcong.jpg 600w, https:\/\/apub.org.br\/siteantigo\/wp-content\/uploads\/2021\/12\/apubcong-300x225.jpg 300w\" sizes=\"(max-width: 600px) 100vw, 600px\" \/><\/figure><\/li><\/ul><\/figure>\n","protected":false},"excerpt":{"rendered":"<p>A PEC 32, chamada de Reforma Administrativa, n\u00e3o entra mais em pauta para vota\u00e7\u00e3o na C\u00e2mara em 2021 e parte dessa conquista se deve \u00e0 mobiliza\u00e7\u00e3o tocada por sindicatos, movimentos sociais e outras frentes da sociedade civil durante o ano, apesar da sanha do governo e de seus aliados no Congresso em impor projetos que [&hellip;]<\/p>\n","protected":false},"author":2,"featured_media":36404,"comment_status":"closed","ping_status":"closed","sticky":false,"template":"","format":"standard","meta":{"footnotes":""},"categories":[530,146],"tags":[],"class_list":["post-36403","post","type-post","status-publish","format-standard","has-post-thumbnail","hentry","category-destaques-1","category-latest-news"],"_links":{"self":[{"href":"https:\/\/apub.org.br\/siteantigo\/wp-json\/wp\/v2\/posts\/36403","targetHints":{"allow":["GET"]}}],"collection":[{"href":"https:\/\/apub.org.br\/siteantigo\/wp-json\/wp\/v2\/posts"}],"about":[{"href":"https:\/\/apub.org.br\/siteantigo\/wp-json\/wp\/v2\/types\/post"}],"author":[{"embeddable":true,"href":"https:\/\/apub.org.br\/siteantigo\/wp-json\/wp\/v2\/users\/2"}],"replies":[{"embeddable":true,"href":"https:\/\/apub.org.br\/siteantigo\/wp-json\/wp\/v2\/comments?post=36403"}],"version-history":[{"count":3,"href":"https:\/\/apub.org.br\/siteantigo\/wp-json\/wp\/v2\/posts\/36403\/revisions"}],"predecessor-version":[{"id":36408,"href":"https:\/\/apub.org.br\/siteantigo\/wp-json\/wp\/v2\/posts\/36403\/revisions\/36408"}],"wp:featuredmedia":[{"embeddable":true,"href":"https:\/\/apub.org.br\/siteantigo\/wp-json\/wp\/v2\/media\/36404"}],"wp:attachment":[{"href":"https:\/\/apub.org.br\/siteantigo\/wp-json\/wp\/v2\/media?parent=36403"}],"wp:term":[{"taxonomy":"category","embeddable":true,"href":"https:\/\/apub.org.br\/siteantigo\/wp-json\/wp\/v2\/categories?post=36403"},{"taxonomy":"post_tag","embeddable":true,"href":"https:\/\/apub.org.br\/siteantigo\/wp-json\/wp\/v2\/tags?post=36403"}],"curies":[{"name":"wp","href":"https:\/\/api.w.org\/{rel}","templated":true}]}}