{"id":36445,"date":"2021-12-21T13:24:56","date_gmt":"2021-12-21T13:24:56","guid":{"rendered":"http:\/\/apub.org.br\/?p=36445"},"modified":"2021-12-21T13:24:58","modified_gmt":"2021-12-21T13:24:58","slug":"brasil-atingiu-maior-numero-de-endividados-em-11-anos","status":"publish","type":"post","link":"https:\/\/apub.org.br\/siteantigo\/brasil-atingiu-maior-numero-de-endividados-em-11-anos\/","title":{"rendered":"Brasil atingiu maior n\u00famero de endividados em 11 anos"},"content":{"rendered":"\n<div class=\"wp-block-image\"><figure class=\"aligncenter size-large is-resized\"><img fetchpriority=\"high\" decoding=\"async\" src=\"http:\/\/apub.org.br\/wp-content\/uploads\/2021\/12\/brasil-atingiu-maior-numero-de-endividados-em-11-anos.png\" alt=\"Brasil atingiu maior n\u00famero de endividados em 11 anos\" class=\"wp-image-36457\" width=\"605\" height=\"605\"\/><\/figure><\/div>\n\n\n\n<p class=\"has-text-align-center\">&#x1f625; O presidente Jair Bolsonaro tenta colocar toda a culpa pelo fracasso econ\u00f4mico de seu governo na pandemia de Covid-19. S\u00f3 que ele n\u00e3o conta que os pa\u00edses que fizeram lockdown prolongado conseguiram retomar a economia muito antes que o Brasil.<\/p>\n\n\n\n<p class=\"has-text-align-center\">Com isso, nosso pa\u00eds despencou do 9\u00ba para o 13\u00ba lugar na economia mundial (em 2011 era a sexta maior).<\/p>\n\n\n\n<p class=\"has-text-align-center\">Importante lembrar que o desemprego j\u00e1 estava muito alto antes mesmo da crise sanit\u00e1ria: 12% (mais uma prova de que a culpa n\u00e3o \u00e9 da pandemia).<\/p>\n\n\n\n<p class=\"has-text-align-center\">&#x1f4b0; Gra\u00e7as \u00e0s medidas de sucateamento dos servi\u00e7os p\u00fablicos e da falta de pol\u00edticas eficazes para proteger as pequenas e m\u00e9dias empresas e a popula\u00e7\u00e3o, o governo Bolsonaro contribuiu para que os brasileiros atingissem seu maior n\u00edvel de endividamento em 11 anos.<\/p>\n\n\n\n<p class=\"has-text-align-center\">E poderia ter sido ainda pior. Logo no in\u00edcio da pandemia, o governo se recusou a dar qualquer ajuda financeira \u00e0 popula\u00e7\u00e3o, mas foi vencido no Congresso e teve que pagar um aux\u00edlio emergencial por alguns meses. E mesmo assim o valor foi muito mais baixo do que o que foi pago por governos de outros pa\u00edses.<\/p>\n\n\n\n<p class=\"has-text-align-center\">&#x1f62e; Segundo a Pesquisa de Endividamento e Inadimpl\u00eancia do Consumidor (Peic), cerca de 12,2 milh\u00f5es de fam\u00edlias estavam endividadas em outubro de 2021, o maior n\u00famero desde que a medi\u00e7\u00e3o come\u00e7ou, em 2010.<\/p>\n\n\n\n<p class=\"has-text-align-center\">E n\u00e3o foi por falta de dinheiro que o governo deixou de ajudar os brasileiros. O sistema financeiro ficou com quase 40% dos recursos do or\u00e7amento federal: quase R$ 1,4 trilh\u00e3o!<\/p>\n\n\n\n<p class=\"has-text-align-center\">Enquanto a popula\u00e7\u00e3o se afunda em desemprego e d\u00edvidas e se aproxima da fome, Bolsonaro se preocupa apenas com sua campanha \u00e0 reelei\u00e7\u00e3o antecipada, com a compra de votos de parlamentares no Congresso e com os repasses aos bancos. Ele trata a vida dos mais pobres como se n\u00e3o fosse essencial.<\/p>\n\n\n\n<p class=\"has-text-align-center\">#Essencial \u00e9 a vida<\/p>\n","protected":false},"excerpt":{"rendered":"<p>&#x1f625; O presidente Jair Bolsonaro tenta colocar toda a culpa pelo fracasso econ\u00f4mico de seu governo na pandemia de Covid-19. S\u00f3 que ele n\u00e3o conta que os pa\u00edses que fizeram lockdown prolongado conseguiram retomar a economia muito antes que o Brasil. Com isso, nosso pa\u00eds despencou do 9\u00ba para o 13\u00ba lugar na economia mundial [&hellip;]<\/p>\n","protected":false},"author":2,"featured_media":36457,"comment_status":"closed","ping_status":"closed","sticky":false,"template":"","format":"standard","meta":{"footnotes":""},"categories":[760,530,146],"tags":[790,770,823,831],"class_list":["post-36445","post","type-post","status-publish","format-standard","has-post-thumbnail","hentry","category-comunicacao","category-destaques-1","category-latest-news","tag-diganaoapec32-2020","tag-essencialeavida","tag-forabolsonaro","tag-naoaprivatizacao"],"_links":{"self":[{"href":"https:\/\/apub.org.br\/siteantigo\/wp-json\/wp\/v2\/posts\/36445","targetHints":{"allow":["GET"]}}],"collection":[{"href":"https:\/\/apub.org.br\/siteantigo\/wp-json\/wp\/v2\/posts"}],"about":[{"href":"https:\/\/apub.org.br\/siteantigo\/wp-json\/wp\/v2\/types\/post"}],"author":[{"embeddable":true,"href":"https:\/\/apub.org.br\/siteantigo\/wp-json\/wp\/v2\/users\/2"}],"replies":[{"embeddable":true,"href":"https:\/\/apub.org.br\/siteantigo\/wp-json\/wp\/v2\/comments?post=36445"}],"version-history":[{"count":1,"href":"https:\/\/apub.org.br\/siteantigo\/wp-json\/wp\/v2\/posts\/36445\/revisions"}],"predecessor-version":[{"id":36458,"href":"https:\/\/apub.org.br\/siteantigo\/wp-json\/wp\/v2\/posts\/36445\/revisions\/36458"}],"wp:featuredmedia":[{"embeddable":true,"href":"https:\/\/apub.org.br\/siteantigo\/wp-json\/wp\/v2\/media\/36457"}],"wp:attachment":[{"href":"https:\/\/apub.org.br\/siteantigo\/wp-json\/wp\/v2\/media?parent=36445"}],"wp:term":[{"taxonomy":"category","embeddable":true,"href":"https:\/\/apub.org.br\/siteantigo\/wp-json\/wp\/v2\/categories?post=36445"},{"taxonomy":"post_tag","embeddable":true,"href":"https:\/\/apub.org.br\/siteantigo\/wp-json\/wp\/v2\/tags?post=36445"}],"curies":[{"name":"wp","href":"https:\/\/api.w.org\/{rel}","templated":true}]}}