{"id":36462,"date":"2021-12-21T17:27:02","date_gmt":"2021-12-21T17:27:02","guid":{"rendered":"http:\/\/apub.org.br\/?p=36462"},"modified":"2021-12-22T15:14:47","modified_gmt":"2021-12-22T15:14:47","slug":"nota-de-pesar-professor-cid-jose-teixeira","status":"publish","type":"post","link":"https:\/\/apub.org.br\/siteantigo\/nota-de-pesar-professor-cid-jose-teixeira\/","title":{"rendered":"Nota de homenagem ao professor Cid Jos\u00e9 Teixeira"},"content":{"rendered":"\n<p>Um grande historiador. Conhecia a hist\u00f3ria e sabia contar hist\u00f3ria, desde a coloniza\u00e7\u00e3o at\u00e9 a nomea\u00e7\u00e3o das ruas e becos de Salvador. Conseguiu traduzir \u00e0s gera\u00e7\u00f5es de estudantes, e para ouvintes e leitores de r\u00e1dios e jornais, a hist\u00f3ria da terra que ele amou. Se cada homem \u00e9 uma \u00e1rvore, esta que agora cai \u00e9 uma das maiores de todas.<br>A Apub se despede do seu militante, filiado h\u00e1 mais de 40 anos.<\/p>\n\n\n\n<p>Profundo conhecedor da historia do estado e da capital, sua contribui\u00e7\u00e3o est\u00e1 muito al\u00e9m dos livros e \u00e9 famoso por ser um contador de causos e de grandes fatos que marcam a mem\u00f3ria cultural do estado. Muito do conhecimento que acumulou tamb\u00e9m transmitiu oralmente para quem pudesse ouvir.<\/p>\n\n\n\n<p>Ele foi professor de Hist\u00f3ria na Faculdade de Filosofia e Ci\u00eancias Humanas da UFBA e na Universidade Cat\u00f3lica do&nbsp;Salvador&nbsp;(UCSal). Atuou no Instituto Geogr\u00e1fico e Hist\u00f3rico da Bahia, ocupou a cadeira de n\u00famero 19 da Academia de Letras da Bahia, foi diretor da Funda\u00e7\u00e3o Greg\u00f3rio de Mattos e implantou o Servi\u00e7o de R\u00e1dio Educa\u00e7\u00e3o da R\u00e1dio Educativa da Bahia. <\/p>\n\n\n\n<p>Al\u00e9m disso, publicou diversos livros, como &#8220;Bahia em Tempo de Prov\u00edncia&#8221; (1986); &#8220;Hist\u00f3ria do Petr\u00f3leo na Bahia&#8221; (2001) e &#8220;<a href=\"https:\/\/g1.globo.com\/ba\/bahia\/cidade\/salvador\/\">Salvador<\/a>: Hist\u00f3ria Visual&#8221; (2001).<\/p>\n\n\n\n<p><\/p>\n","protected":false},"excerpt":{"rendered":"<p>Um grande historiador. Conhecia a hist\u00f3ria e sabia contar hist\u00f3ria, desde a coloniza\u00e7\u00e3o at\u00e9 a nomea\u00e7\u00e3o das ruas e becos de Salvador. Conseguiu traduzir \u00e0s gera\u00e7\u00f5es de estudantes, e para ouvintes e leitores de r\u00e1dios e jornais, a hist\u00f3ria da terra que ele amou. Se cada homem \u00e9 uma \u00e1rvore, esta que agora cai \u00e9 [&hellip;]<\/p>\n","protected":false},"author":2,"featured_media":36463,"comment_status":"closed","ping_status":"closed","sticky":false,"template":"","format":"standard","meta":{"footnotes":""},"categories":[138,146],"tags":[],"class_list":["post-36462","post","type-post","status-publish","format-standard","has-post-thumbnail","hentry","category-deixaram-saudades","category-latest-news"],"_links":{"self":[{"href":"https:\/\/apub.org.br\/siteantigo\/wp-json\/wp\/v2\/posts\/36462","targetHints":{"allow":["GET"]}}],"collection":[{"href":"https:\/\/apub.org.br\/siteantigo\/wp-json\/wp\/v2\/posts"}],"about":[{"href":"https:\/\/apub.org.br\/siteantigo\/wp-json\/wp\/v2\/types\/post"}],"author":[{"embeddable":true,"href":"https:\/\/apub.org.br\/siteantigo\/wp-json\/wp\/v2\/users\/2"}],"replies":[{"embeddable":true,"href":"https:\/\/apub.org.br\/siteantigo\/wp-json\/wp\/v2\/comments?post=36462"}],"version-history":[{"count":4,"href":"https:\/\/apub.org.br\/siteantigo\/wp-json\/wp\/v2\/posts\/36462\/revisions"}],"predecessor-version":[{"id":36472,"href":"https:\/\/apub.org.br\/siteantigo\/wp-json\/wp\/v2\/posts\/36462\/revisions\/36472"}],"wp:featuredmedia":[{"embeddable":true,"href":"https:\/\/apub.org.br\/siteantigo\/wp-json\/wp\/v2\/media\/36463"}],"wp:attachment":[{"href":"https:\/\/apub.org.br\/siteantigo\/wp-json\/wp\/v2\/media?parent=36462"}],"wp:term":[{"taxonomy":"category","embeddable":true,"href":"https:\/\/apub.org.br\/siteantigo\/wp-json\/wp\/v2\/categories?post=36462"},{"taxonomy":"post_tag","embeddable":true,"href":"https:\/\/apub.org.br\/siteantigo\/wp-json\/wp\/v2\/tags?post=36462"}],"curies":[{"name":"wp","href":"https:\/\/api.w.org\/{rel}","templated":true}]}}