{"id":36475,"date":"2021-12-23T13:15:42","date_gmt":"2021-12-23T13:15:42","guid":{"rendered":"http:\/\/apub.org.br\/?p=36475"},"modified":"2021-12-23T13:15:44","modified_gmt":"2021-12-23T13:15:44","slug":"na-contramao-do-mundo-bolsonaro-facilita-liberacao-de-agrotoxicos-nocivos","status":"publish","type":"post","link":"https:\/\/apub.org.br\/siteantigo\/na-contramao-do-mundo-bolsonaro-facilita-liberacao-de-agrotoxicos-nocivos\/","title":{"rendered":"Na contram\u00e3o do mundo Bolsonaro facilita libera\u00e7\u00e3o de agrot\u00f3xicos nocivos"},"content":{"rendered":"\n<div class=\"wp-block-image\"><figure class=\"aligncenter size-large is-resized\"><img fetchpriority=\"high\" decoding=\"async\" src=\"http:\/\/apub.org.br\/wp-content\/uploads\/2021\/12\/na-contramao-do-mundo-bolsonaro-facilita-liberacao-de-agrotoxicos-nocivos.png\" alt=\"Na contram\u00e3o do mundo Bolsonaro facilita libera\u00e7\u00e3o de agrot\u00f3xicos nocivos\" class=\"wp-image-36476\" width=\"687\" height=\"687\"\/><\/figure><\/div>\n\n\n\n<p class=\"has-text-align-center\">&#x2620; O negacionismo e o descaso do governo de Jair Bolsonaro com a vida dos brasileiros n\u00e3o se restringe apenas \u00e0 condu\u00e7\u00e3o desastrosa da pandemia de Covid-19. Isso fica evidente no caso das constantes libera\u00e7\u00f5es de novos agrot\u00f3xicos: novamente os alertas da ci\u00eancia sobre danos \u00e0 sa\u00fade e ao meio ambiente s\u00e3o ignorados por Bolsonaro, s\u00f3 porque ele quer agradar ao agroneg\u00f3cio e \u00e0s multinacionais vendedoras de venenos.<\/p>\n\n\n\n<p class=\"has-text-align-center\">&#x1f4a3;No final de outubro, o presidente publicou um decreto flexibilizando (facilitando) a aprova\u00e7\u00e3o de agrot\u00f3xicos no pa\u00eds. Subst\u00e2ncias comprovadamente cancer\u00edgenas e causadoras de m\u00e1 forma\u00e7\u00e3o em beb\u00eas (motivo pelo qual s\u00e3o proibidas nos Estados Unidos e na Europa) entrar\u00e3o facilmente no Brasil.<\/p>\n\n\n\n<p class=\"has-text-align-center\">Ao tratar a sa\u00fade dos brasileiros como menos valiosa do que a dos europeus e americanos, Bolsonaro ignora que essencial \u00e9 a vida, n\u00e3o o lucro do agroneg\u00f3cio!<\/p>\n\n\n\n<p class=\"has-text-align-center\">#Essencial\u00c9Avida<\/p>\n","protected":false},"excerpt":{"rendered":"<p>&#x2620; O negacionismo e o descaso do governo de Jair Bolsonaro com a vida dos brasileiros n\u00e3o se restringe apenas \u00e0 condu\u00e7\u00e3o desastrosa da pandemia de Covid-19. Isso fica evidente no caso das constantes libera\u00e7\u00f5es de novos agrot\u00f3xicos: novamente os alertas da ci\u00eancia sobre danos \u00e0 sa\u00fade e ao meio ambiente s\u00e3o ignorados por Bolsonaro, [&hellip;]<\/p>\n","protected":false},"author":2,"featured_media":36476,"comment_status":"closed","ping_status":"closed","sticky":false,"template":"","format":"standard","meta":{"footnotes":""},"categories":[760,530,146],"tags":[764,819,823,831],"class_list":["post-36475","post","type-post","status-publish","format-standard","has-post-thumbnail","hentry","category-comunicacao","category-destaques-1","category-latest-news","tag-reformaadministrativanao","tag-apubsindicato","tag-forabolsonaro","tag-naoaprivatizacao"],"_links":{"self":[{"href":"https:\/\/apub.org.br\/siteantigo\/wp-json\/wp\/v2\/posts\/36475","targetHints":{"allow":["GET"]}}],"collection":[{"href":"https:\/\/apub.org.br\/siteantigo\/wp-json\/wp\/v2\/posts"}],"about":[{"href":"https:\/\/apub.org.br\/siteantigo\/wp-json\/wp\/v2\/types\/post"}],"author":[{"embeddable":true,"href":"https:\/\/apub.org.br\/siteantigo\/wp-json\/wp\/v2\/users\/2"}],"replies":[{"embeddable":true,"href":"https:\/\/apub.org.br\/siteantigo\/wp-json\/wp\/v2\/comments?post=36475"}],"version-history":[{"count":1,"href":"https:\/\/apub.org.br\/siteantigo\/wp-json\/wp\/v2\/posts\/36475\/revisions"}],"predecessor-version":[{"id":36477,"href":"https:\/\/apub.org.br\/siteantigo\/wp-json\/wp\/v2\/posts\/36475\/revisions\/36477"}],"wp:featuredmedia":[{"embeddable":true,"href":"https:\/\/apub.org.br\/siteantigo\/wp-json\/wp\/v2\/media\/36476"}],"wp:attachment":[{"href":"https:\/\/apub.org.br\/siteantigo\/wp-json\/wp\/v2\/media?parent=36475"}],"wp:term":[{"taxonomy":"category","embeddable":true,"href":"https:\/\/apub.org.br\/siteantigo\/wp-json\/wp\/v2\/categories?post=36475"},{"taxonomy":"post_tag","embeddable":true,"href":"https:\/\/apub.org.br\/siteantigo\/wp-json\/wp\/v2\/tags?post=36475"}],"curies":[{"name":"wp","href":"https:\/\/api.w.org\/{rel}","templated":true}]}}