{"id":36478,"date":"2021-12-23T15:23:59","date_gmt":"2021-12-23T15:23:59","guid":{"rendered":"http:\/\/apub.org.br\/?p=36478"},"modified":"2021-12-23T15:24:01","modified_gmt":"2021-12-23T15:24:01","slug":"e-mentira-que-as-privatizacoes-melhoram-os-servicos-prestados-a-populacao","status":"publish","type":"post","link":"https:\/\/apub.org.br\/siteantigo\/e-mentira-que-as-privatizacoes-melhoram-os-servicos-prestados-a-populacao\/","title":{"rendered":"\u00c9 mentira que as privatiza\u00e7\u00f5es melhoram os servi\u00e7os prestados \u00e0 popula\u00e7\u00e3o"},"content":{"rendered":"\n<div class=\"wp-block-image\"><figure class=\"aligncenter size-large is-resized\"><img fetchpriority=\"high\" decoding=\"async\" src=\"http:\/\/apub.org.br\/wp-content\/uploads\/2021\/12\/E-mentira-que-as-privatizacoes-melhoram-os-servicos-prestados-a-populacao-1024x1024.png\" alt=\"\u00c9 mentira que as privatiza\u00e7\u00f5es melhoram os servi\u00e7os prestados \u00e0 popula\u00e7\u00e3o\" class=\"wp-image-36479\" width=\"652\" height=\"652\" srcset=\"https:\/\/apub.org.br\/siteantigo\/wp-content\/uploads\/2021\/12\/E-mentira-que-as-privatizacoes-melhoram-os-servicos-prestados-a-populacao-1024x1024.png 1024w, https:\/\/apub.org.br\/siteantigo\/wp-content\/uploads\/2021\/12\/E-mentira-que-as-privatizacoes-melhoram-os-servicos-prestados-a-populacao-300x300.png 300w, https:\/\/apub.org.br\/siteantigo\/wp-content\/uploads\/2021\/12\/E-mentira-que-as-privatizacoes-melhoram-os-servicos-prestados-a-populacao-150x150.png 150w, https:\/\/apub.org.br\/siteantigo\/wp-content\/uploads\/2021\/12\/E-mentira-que-as-privatizacoes-melhoram-os-servicos-prestados-a-populacao-768x768.png 768w, https:\/\/apub.org.br\/siteantigo\/wp-content\/uploads\/2021\/12\/E-mentira-que-as-privatizacoes-melhoram-os-servicos-prestados-a-populacao.png 1080w\" sizes=\"(max-width: 652px) 100vw, 652px\" \/><\/figure><\/div>\n\n\n\n<p class=\"has-text-align-center\">&#x1f624; O presidente Jair Bolsonaro, seus apoiadores extremistas e parte das elites brasileiras defendem a Reforma Administrativa (PEC 32\/2020) como parte de sua estrat\u00e9gia mais ampla de privatiza\u00e7\u00e3o dos servi\u00e7os p\u00fablicos no Brasil (ou destrui\u00e7\u00e3o daquilo que eles n\u00e3o consideram lucrativo para eles mesmos).<\/p>\n\n\n\n<p class=\"has-text-align-center\">&#x1f4b0; Esses setores, ligados apenas aos interesses das camadas mais ricas da sociedade, usam o falso argumento de que a iniciativa privada tem mais condi\u00e7\u00f5es de atender a popula\u00e7\u00e3o do que o Estado. Na verdade, querem se apropriar das fun\u00e7\u00f5es estatais apenas para enriquecer.<\/p>\n\n\n\n<p class=\"has-text-align-center\">Um estudo da Confedera\u00e7\u00e3o Nacional da Ind\u00fastria mostrou que de 1999 a 2019 os servi\u00e7os passados para a iniciativa privada tiveram, em m\u00e9dia, aumentos superiores \u00e0 infla\u00e7\u00e3o oficial do per\u00edodo. &#x1f4c8;<\/p>\n\n\n\n<p class=\"has-text-align-center\">&#x1f921; Em muitos casos o aumento foi 100% maior do que a infla\u00e7\u00e3o do per\u00edodo.<\/p>\n\n\n\n<p class=\"has-text-align-center\">Al\u00e9m de caros, a popula\u00e7\u00e3o passou a receber servi\u00e7os de pior qualidade, dificultando seu acesso a direitos como educa\u00e7\u00e3o, sa\u00fade e assist\u00eancia social. N\u00e3o h\u00e1 garantia de concorr\u00eancia nem diminui\u00e7\u00e3o da corrup\u00e7\u00e3o.<\/p>\n\n\n\n<p class=\"has-text-align-center\">&#x1f5e3;&#xfe0f; Cuidado com fake news. Para construirmos um futuro com mais igualdade e justi\u00e7a social, \u00e9 preciso defender o servi\u00e7o p\u00fablico!<\/p>\n","protected":false},"excerpt":{"rendered":"<p>&#x1f624; O presidente Jair Bolsonaro, seus apoiadores extremistas e parte das elites brasileiras defendem a Reforma Administrativa (PEC 32\/2020) como parte de sua estrat\u00e9gia mais ampla de privatiza\u00e7\u00e3o dos servi\u00e7os p\u00fablicos no Brasil (ou destrui\u00e7\u00e3o daquilo que eles n\u00e3o consideram lucrativo para eles mesmos). &#x1f4b0; Esses setores, ligados apenas aos interesses das camadas mais ricas [&hellip;]<\/p>\n","protected":false},"author":2,"featured_media":36479,"comment_status":"closed","ping_status":"closed","sticky":false,"template":"","format":"standard","meta":{"footnotes":""},"categories":[760,530,146],"tags":[764,819,790,831],"class_list":["post-36478","post","type-post","status-publish","format-standard","has-post-thumbnail","hentry","category-comunicacao","category-destaques-1","category-latest-news","tag-reformaadministrativanao","tag-apubsindicato","tag-diganaoapec32-2020","tag-naoaprivatizacao"],"_links":{"self":[{"href":"https:\/\/apub.org.br\/siteantigo\/wp-json\/wp\/v2\/posts\/36478","targetHints":{"allow":["GET"]}}],"collection":[{"href":"https:\/\/apub.org.br\/siteantigo\/wp-json\/wp\/v2\/posts"}],"about":[{"href":"https:\/\/apub.org.br\/siteantigo\/wp-json\/wp\/v2\/types\/post"}],"author":[{"embeddable":true,"href":"https:\/\/apub.org.br\/siteantigo\/wp-json\/wp\/v2\/users\/2"}],"replies":[{"embeddable":true,"href":"https:\/\/apub.org.br\/siteantigo\/wp-json\/wp\/v2\/comments?post=36478"}],"version-history":[{"count":1,"href":"https:\/\/apub.org.br\/siteantigo\/wp-json\/wp\/v2\/posts\/36478\/revisions"}],"predecessor-version":[{"id":36480,"href":"https:\/\/apub.org.br\/siteantigo\/wp-json\/wp\/v2\/posts\/36478\/revisions\/36480"}],"wp:featuredmedia":[{"embeddable":true,"href":"https:\/\/apub.org.br\/siteantigo\/wp-json\/wp\/v2\/media\/36479"}],"wp:attachment":[{"href":"https:\/\/apub.org.br\/siteantigo\/wp-json\/wp\/v2\/media?parent=36478"}],"wp:term":[{"taxonomy":"category","embeddable":true,"href":"https:\/\/apub.org.br\/siteantigo\/wp-json\/wp\/v2\/categories?post=36478"},{"taxonomy":"post_tag","embeddable":true,"href":"https:\/\/apub.org.br\/siteantigo\/wp-json\/wp\/v2\/tags?post=36478"}],"curies":[{"name":"wp","href":"https:\/\/api.w.org\/{rel}","templated":true}]}}