{"id":36481,"date":"2021-12-28T13:40:46","date_gmt":"2021-12-28T13:40:46","guid":{"rendered":"http:\/\/apub.org.br\/?p=36481"},"modified":"2021-12-28T13:40:48","modified_gmt":"2021-12-28T13:40:48","slug":"complicacoes-por-covid-19-e-14-vezes-maior-entre-nao-vacinados","status":"publish","type":"post","link":"https:\/\/apub.org.br\/siteantigo\/complicacoes-por-covid-19-e-14-vezes-maior-entre-nao-vacinados\/","title":{"rendered":"Complica\u00e7\u00f5es por Covid-19 \u00e9 14 vezes maior entre n\u00e3o vacinados"},"content":{"rendered":"\n<div class=\"wp-block-image\"><figure class=\"aligncenter size-large is-resized\"><img fetchpriority=\"high\" decoding=\"async\" src=\"http:\/\/apub.org.br\/wp-content\/uploads\/2021\/12\/complicacoes-por-covid-19-e-14-vezes-maior-entre-nao-vacinados-1024x1024.png\" alt=\"Complica\u00e7\u00f5es por Covid-19 \u00e9 14 vezes maior entre n\u00e3o vacinados\" class=\"wp-image-36482\" width=\"535\" height=\"535\" srcset=\"https:\/\/apub.org.br\/siteantigo\/wp-content\/uploads\/2021\/12\/complicacoes-por-covid-19-e-14-vezes-maior-entre-nao-vacinados-1024x1024.png 1024w, https:\/\/apub.org.br\/siteantigo\/wp-content\/uploads\/2021\/12\/complicacoes-por-covid-19-e-14-vezes-maior-entre-nao-vacinados-300x300.png 300w, https:\/\/apub.org.br\/siteantigo\/wp-content\/uploads\/2021\/12\/complicacoes-por-covid-19-e-14-vezes-maior-entre-nao-vacinados-150x150.png 150w, https:\/\/apub.org.br\/siteantigo\/wp-content\/uploads\/2021\/12\/complicacoes-por-covid-19-e-14-vezes-maior-entre-nao-vacinados.png 1080w\" sizes=\"(max-width: 535px) 100vw, 535px\" \/><\/figure><\/div>\n\n\n\n<p class=\"has-text-align-center\">&#x1f644; Por mais que o presidente Jair Bolsonaro tenha trabalhado contra as vacinas, os dados de interna\u00e7\u00f5es e mortes por Covid-19 em outubro de 2021 mostram que a vacina\u00e7\u00e3o em massa \u00e9 a \u00fanica forma de conter efetivamente a pandemia.<\/p>\n\n\n\n<p class=\"has-text-align-center\">&#x1f52c; Al\u00e9m da queda nas mortes ap\u00f3s o in\u00edcio da vacina\u00e7\u00e3o, dados do Instituto de Infectologia Em\u00edlio Ribas indicam que 9 em cada 10 pacientes internados com complica\u00e7\u00f5es da Covid-19 n\u00e3o haviam completado o esquema de vacina\u00e7\u00e3o.<\/p>\n\n\n\n<p class=\"has-text-align-center\">&#x1f628; Segundo o estudo, a probabilidade de morte \u00e9 14 vezes maior em pessoas sem esquema de vacina\u00e7\u00e3o completo.<\/p>\n\n\n\n<p class=\"has-text-align-center\">&#x1f925; Isso prova que na disputa entre pesquisadores renomados mundialmente contra youtubers e influencers extremistas, quem tem raz\u00e3o \u00e9 quem defende a ci\u00eancia.<\/p>\n\n\n\n<p class=\"has-text-align-center\">&#x1f637; A redu\u00e7\u00e3o da pandemia acontece gra\u00e7as \u00e0 imuniza\u00e7\u00e3o em massa. Quem continua tentando sabotar a vacina\u00e7\u00e3o \u00e9 que est\u00e1 jogando contra a vida da popula\u00e7\u00e3o.<\/p>\n\n\n\n<p class=\"has-text-align-center\">#Essencia\u00c9AVida<\/p>\n","protected":false},"excerpt":{"rendered":"<p>&#x1f644; Por mais que o presidente Jair Bolsonaro tenha trabalhado contra as vacinas, os dados de interna\u00e7\u00f5es e mortes por Covid-19 em outubro de 2021 mostram que a vacina\u00e7\u00e3o em massa \u00e9 a \u00fanica forma de conter efetivamente a pandemia. &#x1f52c; Al\u00e9m da queda nas mortes ap\u00f3s o in\u00edcio da vacina\u00e7\u00e3o, dados do Instituto de [&hellip;]<\/p>\n","protected":false},"author":2,"featured_media":36482,"comment_status":"closed","ping_status":"closed","sticky":false,"template":"","format":"standard","meta":{"footnotes":""},"categories":[760,530,146],"tags":[767,790,831,829],"class_list":["post-36481","post","type-post","status-publish","format-standard","has-post-thumbnail","hentry","category-comunicacao","category-destaques-1","category-latest-news","tag-pec32nao","tag-diganaoapec32-2020","tag-naoaprivatizacao","tag-reformaadministrativanao-3"],"_links":{"self":[{"href":"https:\/\/apub.org.br\/siteantigo\/wp-json\/wp\/v2\/posts\/36481","targetHints":{"allow":["GET"]}}],"collection":[{"href":"https:\/\/apub.org.br\/siteantigo\/wp-json\/wp\/v2\/posts"}],"about":[{"href":"https:\/\/apub.org.br\/siteantigo\/wp-json\/wp\/v2\/types\/post"}],"author":[{"embeddable":true,"href":"https:\/\/apub.org.br\/siteantigo\/wp-json\/wp\/v2\/users\/2"}],"replies":[{"embeddable":true,"href":"https:\/\/apub.org.br\/siteantigo\/wp-json\/wp\/v2\/comments?post=36481"}],"version-history":[{"count":1,"href":"https:\/\/apub.org.br\/siteantigo\/wp-json\/wp\/v2\/posts\/36481\/revisions"}],"predecessor-version":[{"id":36483,"href":"https:\/\/apub.org.br\/siteantigo\/wp-json\/wp\/v2\/posts\/36481\/revisions\/36483"}],"wp:featuredmedia":[{"embeddable":true,"href":"https:\/\/apub.org.br\/siteantigo\/wp-json\/wp\/v2\/media\/36482"}],"wp:attachment":[{"href":"https:\/\/apub.org.br\/siteantigo\/wp-json\/wp\/v2\/media?parent=36481"}],"wp:term":[{"taxonomy":"category","embeddable":true,"href":"https:\/\/apub.org.br\/siteantigo\/wp-json\/wp\/v2\/categories?post=36481"},{"taxonomy":"post_tag","embeddable":true,"href":"https:\/\/apub.org.br\/siteantigo\/wp-json\/wp\/v2\/tags?post=36481"}],"curies":[{"name":"wp","href":"https:\/\/api.w.org\/{rel}","templated":true}]}}