{"id":36484,"date":"2021-12-28T17:34:13","date_gmt":"2021-12-28T17:34:13","guid":{"rendered":"http:\/\/apub.org.br\/?p=36484"},"modified":"2021-12-28T17:34:15","modified_gmt":"2021-12-28T17:34:15","slug":"terceirizacao-dos-servicos-publicos-beneficia-poucos-mas-prejudica-muitos","status":"publish","type":"post","link":"https:\/\/apub.org.br\/siteantigo\/terceirizacao-dos-servicos-publicos-beneficia-poucos-mas-prejudica-muitos\/","title":{"rendered":"Terceiriza\u00e7\u00e3o dos servi\u00e7os p\u00fablicos beneficia poucos, mas prejudica muitos"},"content":{"rendered":"\n<div class=\"wp-block-image\"><figure class=\"aligncenter size-large is-resized\"><img fetchpriority=\"high\" decoding=\"async\" src=\"http:\/\/apub.org.br\/wp-content\/uploads\/2021\/12\/terceirizacao-dos-servicos-publicos-beneficia-poucos-mas-prejudica-muitos-1024x1024.png\" alt=\"Terceiriza\u00e7\u00e3o dos servi\u00e7os p\u00fablicos beneficia poucos, mas prejudica muitos\" class=\"wp-image-36486\" width=\"664\" height=\"664\" srcset=\"https:\/\/apub.org.br\/siteantigo\/wp-content\/uploads\/2021\/12\/terceirizacao-dos-servicos-publicos-beneficia-poucos-mas-prejudica-muitos-1024x1024.png 1024w, https:\/\/apub.org.br\/siteantigo\/wp-content\/uploads\/2021\/12\/terceirizacao-dos-servicos-publicos-beneficia-poucos-mas-prejudica-muitos-300x300.png 300w, https:\/\/apub.org.br\/siteantigo\/wp-content\/uploads\/2021\/12\/terceirizacao-dos-servicos-publicos-beneficia-poucos-mas-prejudica-muitos-150x150.png 150w, https:\/\/apub.org.br\/siteantigo\/wp-content\/uploads\/2021\/12\/terceirizacao-dos-servicos-publicos-beneficia-poucos-mas-prejudica-muitos-768x768.png 768w, https:\/\/apub.org.br\/siteantigo\/wp-content\/uploads\/2021\/12\/terceirizacao-dos-servicos-publicos-beneficia-poucos-mas-prejudica-muitos.png 1080w\" sizes=\"(max-width: 664px) 100vw, 664px\" \/><\/figure><\/div>\n\n\n\n<p class=\"has-text-align-center\">&#x1f4b8; Um dos objetivos do governo Bolsonaro com a Reforma Administrativa (PEC 32\/2020) \u00e9 ampliar a terceiriza\u00e7\u00e3o dos servi\u00e7os p\u00fablicos, para que empres\u00e1rios e grupos econ\u00f4micos possam lucrar sobre as necessidades da popula\u00e7\u00e3o.<\/p>\n\n\n\n<p class=\"has-text-align-center\">&#x2757; A medida beneficiaria alguns poucos setores, enquanto prejudica a maioria da popula\u00e7\u00e3o, que ficaria sujeita a servi\u00e7os de pior qualidade e mais caros.<\/p>\n\n\n\n<p class=\"has-text-align-center\">&#x1f622; Sem a prote\u00e7\u00e3o da estabilidade garantida aos servidores, funcion\u00e1rios terceirizados ficam sujeitos \u00e0s press\u00f5es de quem os contratou, facilitando a corrup\u00e7\u00e3o e a troca de favores.<\/p>\n\n\n\n<p class=\"has-text-align-center\">&#x27a1; Al\u00e9m disso, terceirizados s\u00e3o menos qualificados ou capacitados para as fun\u00e7\u00f5es do que os servidores concursados, que constroem longas carreiras e v\u00e3o se aperfei\u00e7oando cada vez mais com o tempo.<\/p>\n\n\n\n<p class=\"has-text-align-center\">&#x1f4b0; Com a precariza\u00e7\u00e3o dos servi\u00e7os p\u00fablicos, tamb\u00e9m h\u00e1 espa\u00e7o para que o or\u00e7amento p\u00fablico seja usado para atender compromissos com empres\u00e1rios, ou seja, como moeda de troca pol\u00edtica, e para que eles lucrem com a estrutura e os servi\u00e7os que deveriam ser oferecidos pelo poder p\u00fablico.<\/p>\n\n\n\n<p class=\"has-text-align-center\">&#x1f440; N\u00e3o podemos deixar que alguns poucos oportunistas utilizem nossos direitos como instrumentos para ganhos pol\u00edticos e financeiros!<\/p>\n\n\n\n<p class=\"has-text-align-center\">#servi\u00e7op\u00fablicoparatodos #Servi\u00e7oP\u00fablico #\u00c9Publico #\u00c9praTodos #ValorizeOServidor #ReformaAdministrativaN\u00e3o #PEC32N\u00e3o<\/p>\n","protected":false},"excerpt":{"rendered":"<p>&#x1f4b8; Um dos objetivos do governo Bolsonaro com a Reforma Administrativa (PEC 32\/2020) \u00e9 ampliar a terceiriza\u00e7\u00e3o dos servi\u00e7os p\u00fablicos, para que empres\u00e1rios e grupos econ\u00f4micos possam lucrar sobre as necessidades da popula\u00e7\u00e3o. &#x2757; A medida beneficiaria alguns poucos setores, enquanto prejudica a maioria da popula\u00e7\u00e3o, que ficaria sujeita a servi\u00e7os de pior qualidade e [&hellip;]<\/p>\n","protected":false},"author":2,"featured_media":36486,"comment_status":"closed","ping_status":"closed","sticky":false,"template":"","format":"standard","meta":{"footnotes":""},"categories":[760,530,146],"tags":[767,764,790,831],"class_list":["post-36484","post","type-post","status-publish","format-standard","has-post-thumbnail","hentry","category-comunicacao","category-destaques-1","category-latest-news","tag-pec32nao","tag-reformaadministrativanao","tag-diganaoapec32-2020","tag-naoaprivatizacao"],"_links":{"self":[{"href":"https:\/\/apub.org.br\/siteantigo\/wp-json\/wp\/v2\/posts\/36484","targetHints":{"allow":["GET"]}}],"collection":[{"href":"https:\/\/apub.org.br\/siteantigo\/wp-json\/wp\/v2\/posts"}],"about":[{"href":"https:\/\/apub.org.br\/siteantigo\/wp-json\/wp\/v2\/types\/post"}],"author":[{"embeddable":true,"href":"https:\/\/apub.org.br\/siteantigo\/wp-json\/wp\/v2\/users\/2"}],"replies":[{"embeddable":true,"href":"https:\/\/apub.org.br\/siteantigo\/wp-json\/wp\/v2\/comments?post=36484"}],"version-history":[{"count":2,"href":"https:\/\/apub.org.br\/siteantigo\/wp-json\/wp\/v2\/posts\/36484\/revisions"}],"predecessor-version":[{"id":36487,"href":"https:\/\/apub.org.br\/siteantigo\/wp-json\/wp\/v2\/posts\/36484\/revisions\/36487"}],"wp:featuredmedia":[{"embeddable":true,"href":"https:\/\/apub.org.br\/siteantigo\/wp-json\/wp\/v2\/media\/36486"}],"wp:attachment":[{"href":"https:\/\/apub.org.br\/siteantigo\/wp-json\/wp\/v2\/media?parent=36484"}],"wp:term":[{"taxonomy":"category","embeddable":true,"href":"https:\/\/apub.org.br\/siteantigo\/wp-json\/wp\/v2\/categories?post=36484"},{"taxonomy":"post_tag","embeddable":true,"href":"https:\/\/apub.org.br\/siteantigo\/wp-json\/wp\/v2\/tags?post=36484"}],"curies":[{"name":"wp","href":"https:\/\/api.w.org\/{rel}","templated":true}]}}