{"id":36488,"date":"2021-12-30T13:44:13","date_gmt":"2021-12-30T13:44:13","guid":{"rendered":"http:\/\/apub.org.br\/?p=36488"},"modified":"2021-12-30T13:44:15","modified_gmt":"2021-12-30T13:44:15","slug":"metade-dos-infectados-com-covid-19-podera-ter-sequelas-prolongadas","status":"publish","type":"post","link":"https:\/\/apub.org.br\/siteantigo\/metade-dos-infectados-com-covid-19-podera-ter-sequelas-prolongadas\/","title":{"rendered":"Metade dos infectados com Covid-19 poder\u00e1 ter sequelas prolongadas"},"content":{"rendered":"\n<div class=\"wp-block-image\"><figure class=\"aligncenter size-large is-resized\"><img fetchpriority=\"high\" decoding=\"async\" src=\"http:\/\/apub.org.br\/wp-content\/uploads\/2021\/12\/metade-dos-infectados-com-covid-19-podera-ter-sequelas-prolongadas-1024x1024.png\" alt=\"Metade dos infectados com Covid-19 poder\u00e1 ter sequelas prolongadas\" class=\"wp-image-36489\" width=\"736\" height=\"736\" srcset=\"https:\/\/apub.org.br\/siteantigo\/wp-content\/uploads\/2021\/12\/metade-dos-infectados-com-covid-19-podera-ter-sequelas-prolongadas-1024x1024.png 1024w, https:\/\/apub.org.br\/siteantigo\/wp-content\/uploads\/2021\/12\/metade-dos-infectados-com-covid-19-podera-ter-sequelas-prolongadas-300x300.png 300w, https:\/\/apub.org.br\/siteantigo\/wp-content\/uploads\/2021\/12\/metade-dos-infectados-com-covid-19-podera-ter-sequelas-prolongadas-150x150.png 150w, https:\/\/apub.org.br\/siteantigo\/wp-content\/uploads\/2021\/12\/metade-dos-infectados-com-covid-19-podera-ter-sequelas-prolongadas-768x768.png 768w, https:\/\/apub.org.br\/siteantigo\/wp-content\/uploads\/2021\/12\/metade-dos-infectados-com-covid-19-podera-ter-sequelas-prolongadas.png 1080w\" sizes=\"(max-width: 736px) 100vw, 736px\" \/><\/figure><\/div>\n\n\n\n<p class=\"has-text-align-center\">&#x1f637; Uma pesquisa realizada nos Estados Unidos e publicada no peri\u00f3dico JAMA indica que mais da metade dos 236 milh\u00f5es de infectados com Covid-19 no mundo apresentar\u00e3o sequelas da doen\u00e7a num per\u00edodo de at\u00e9 seis meses.<\/p>\n\n\n\n<p class=\"has-text-align-center\">O estudo demonstra a irresponsabilidade da estrat\u00e9gia de difus\u00e3o volunt\u00e1ria do v\u00edrus empreendida pelo governo de Jair Bolsonaro durante a pandemia e por outros agentes extremistas, que n\u00e3o s\u00f3 causou centenas de milhares de mortes evit\u00e1veis aqui no Brasil, como tamb\u00e9m exp\u00f4s in\u00fameros sobreviventes a sequelas ainda pouco conhecidas.<\/p>\n\n\n\n<p class=\"has-text-align-center\">&#x1f52a; E a situa\u00e7\u00e3o deve piorar com os cortes de verba em pol\u00edticas p\u00fablicas, como nos recursos do SUS.<\/p>\n\n\n\n<p class=\"has-text-align-center\">&#x1f3e5; Os pesquisadores preveem um aumento de hospitaliza\u00e7\u00f5es e consultas por problemas psiqui\u00e1tricos como depress\u00e3o, ansiedade ou transtorno de estresse p\u00f3s-traum\u00e1tico, al\u00e9m de quadros j\u00e1 observados em muitos sobreviventes, como problemas neurol\u00f3gicos, cardiovasculares, pulmonares, digestivos e na pele.<\/p>\n\n\n\n<p class=\"has-text-align-center\">&#x1f91d; Proteger o SUS e a sa\u00fade p\u00fablica \u00e9 essencial para proteger a vida, assim como investir na ci\u00eancia para que nosso pa\u00eds consiga desenvolver formas mais eficazes para reduzir os impactos da crise sanit\u00e1ria!<\/p>\n\n\n\n<p class=\"has-text-align-center\">#Essencia\u00c9AVida<\/p>\n","protected":false},"excerpt":{"rendered":"<p>&#x1f637; Uma pesquisa realizada nos Estados Unidos e publicada no peri\u00f3dico JAMA indica que mais da metade dos 236 milh\u00f5es de infectados com Covid-19 no mundo apresentar\u00e3o sequelas da doen\u00e7a num per\u00edodo de at\u00e9 seis meses. O estudo demonstra a irresponsabilidade da estrat\u00e9gia de difus\u00e3o volunt\u00e1ria do v\u00edrus empreendida pelo governo de Jair Bolsonaro durante [&hellip;]<\/p>\n","protected":false},"author":2,"featured_media":36489,"comment_status":"closed","ping_status":"closed","sticky":false,"template":"","format":"standard","meta":{"footnotes":""},"categories":[760,530,146],"tags":[819,770,831,612],"class_list":["post-36488","post","type-post","status-publish","format-standard","has-post-thumbnail","hentry","category-comunicacao","category-destaques-1","category-latest-news","tag-apubsindicato","tag-essencialeavida","tag-naoaprivatizacao","tag-sindicatos"],"_links":{"self":[{"href":"https:\/\/apub.org.br\/siteantigo\/wp-json\/wp\/v2\/posts\/36488","targetHints":{"allow":["GET"]}}],"collection":[{"href":"https:\/\/apub.org.br\/siteantigo\/wp-json\/wp\/v2\/posts"}],"about":[{"href":"https:\/\/apub.org.br\/siteantigo\/wp-json\/wp\/v2\/types\/post"}],"author":[{"embeddable":true,"href":"https:\/\/apub.org.br\/siteantigo\/wp-json\/wp\/v2\/users\/2"}],"replies":[{"embeddable":true,"href":"https:\/\/apub.org.br\/siteantigo\/wp-json\/wp\/v2\/comments?post=36488"}],"version-history":[{"count":1,"href":"https:\/\/apub.org.br\/siteantigo\/wp-json\/wp\/v2\/posts\/36488\/revisions"}],"predecessor-version":[{"id":36490,"href":"https:\/\/apub.org.br\/siteantigo\/wp-json\/wp\/v2\/posts\/36488\/revisions\/36490"}],"wp:featuredmedia":[{"embeddable":true,"href":"https:\/\/apub.org.br\/siteantigo\/wp-json\/wp\/v2\/media\/36489"}],"wp:attachment":[{"href":"https:\/\/apub.org.br\/siteantigo\/wp-json\/wp\/v2\/media?parent=36488"}],"wp:term":[{"taxonomy":"category","embeddable":true,"href":"https:\/\/apub.org.br\/siteantigo\/wp-json\/wp\/v2\/categories?post=36488"},{"taxonomy":"post_tag","embeddable":true,"href":"https:\/\/apub.org.br\/siteantigo\/wp-json\/wp\/v2\/tags?post=36488"}],"curies":[{"name":"wp","href":"https:\/\/api.w.org\/{rel}","templated":true}]}}