{"id":36926,"date":"2022-03-10T21:21:37","date_gmt":"2022-03-10T21:21:37","guid":{"rendered":"http:\/\/apub.org.br\/?p=36926"},"modified":"2022-03-10T21:21:40","modified_gmt":"2022-03-10T21:21:40","slug":"uma-postagem-mostra-que-o-racismo-infelizmente-esta-mais-vivo-do-que-nunca","status":"publish","type":"post","link":"https:\/\/apub.org.br\/siteantigo\/uma-postagem-mostra-que-o-racismo-infelizmente-esta-mais-vivo-do-que-nunca\/","title":{"rendered":"Uma postagem mostra que o racismo (infelizmente) est\u00e1 mais vivo do que nunca"},"content":{"rendered":"\n<div class=\"wp-block-image\"><figure class=\"aligncenter size-large is-resized\"><img fetchpriority=\"high\" decoding=\"async\" src=\"http:\/\/apub.org.br\/wp-content\/uploads\/2022\/03\/uma-postagem-mostra-que-o-racismo-infelizmente-esta-mais-vivo-do-que-nunca-1024x538.jpg\" alt=\"Uma postagem mostra que o racismo (infelizmente) est\u00e1 mais vivo do que nunca\" class=\"wp-image-36975\" width=\"1031\" height=\"541\" srcset=\"https:\/\/apub.org.br\/siteantigo\/wp-content\/uploads\/2022\/03\/uma-postagem-mostra-que-o-racismo-infelizmente-esta-mais-vivo-do-que-nunca-1024x538.jpg 1024w, https:\/\/apub.org.br\/siteantigo\/wp-content\/uploads\/2022\/03\/uma-postagem-mostra-que-o-racismo-infelizmente-esta-mais-vivo-do-que-nunca-300x158.jpg 300w, https:\/\/apub.org.br\/siteantigo\/wp-content\/uploads\/2022\/03\/uma-postagem-mostra-que-o-racismo-infelizmente-esta-mais-vivo-do-que-nunca-768x403.jpg 768w, https:\/\/apub.org.br\/siteantigo\/wp-content\/uploads\/2022\/03\/uma-postagem-mostra-que-o-racismo-infelizmente-esta-mais-vivo-do-que-nunca.jpg 1200w\" sizes=\"(max-width: 1031px) 100vw, 1031px\" \/><\/figure><\/div>\n\n\n\n<p>Recentemente, publicamos em nossas m\u00eddias <a href=\"https:\/\/www.facebook.com\/apubsindicato\/posts\/6493518050690027\" target=\"_blank\" rel=\"noreferrer noopener\">uma mat\u00e9ria<\/a> que informava que o Exame Nacional do Ensino M\u00e9dio (Enem) de 2021 foi o mais branco e elitista desde 2009, tendo tamb\u00e9m a menor propor\u00e7\u00e3o de candidatos de baixa renda e o menor n\u00famero total de inscritos dos \u00faltimos anos.<\/p>\n\n\n\n<p>O texto informava que um dos motivos desta redu\u00e7\u00e3o foi a escolha do presidente Jair Bolsonaro por retirar a isen\u00e7\u00e3o da taxa de inscri\u00e7\u00e3o para os estudantes que n\u00e3o fizeram a prova em 2020, auge da pandemia do novo Coronav\u00edrus. Sem isen\u00e7\u00e3o, os mais pobres foram prejudicados. E, como as pessoas negras constituem 75% da popula\u00e7\u00e3o pobre no pa\u00eds (resultado do que se chama \u2018racismo estrutural\u2019), o acesso ao Enem foi dificultado para elas.<\/p>\n\n\n\n<p>A dificuldade de acesso dos pobres e negros \u00e0 universidade p\u00fablica deveria ser um tema, em pleno 2022, j\u00e1 de f\u00e1cil compreens\u00e3o. Mas, parte dos mais de 600 coment\u00e1rios postados abaixo da mat\u00e9ria no Facebook nos mostraram que n\u00e3o.<\/p>\n\n\n\n<p>O racismo est\u00e1 presente, e encontrou no atual governo uma forma de express\u00e3o, como se fosse uma valida\u00e7\u00e3o.<\/p>\n\n\n\n<p>Por isso, no Brasil atual, muitas pessoas continuam insistindo em tentar disseminar a ideia de que o racismo n\u00e3o existe e n\u00e3o afeta o cotidiano de grupos espec\u00edficos de pessoas: \u201c\u00e9 s\u00f3 se esfor\u00e7ar\u201d e \u201ctodos somos seres humanos, somos iguais\u201d s\u00e3o coment\u00e1rios replicados para reduzir (ou cancelar) o debate.<\/p>\n\n\n\n<p>Ou seja, o racismo estrutural (uma discrimina\u00e7\u00e3o racial enraizada na sociedade) se reflete neste pensamento e est\u00e1 mais vivo do que nunca. Aproveitaremos este espa\u00e7o para trazer esta reflex\u00e3o debatendo a partir de alguns dos coment\u00e1rios postados em nossas redes sociais (se voc\u00ea quiser conferir com seus pr\u00f3prios olhos \u2013 e se tiver est\u00f4mago para isso \u2013, <a href=\"https:\/\/www.facebook.com\/apubsindicato\/posts\/6493518050690027\" target=\"_blank\" rel=\"noreferrer noopener\">acesse aqui<\/a> e veja os coment\u00e1rios da postagem original).<\/p>\n\n\n\n<figure class=\"wp-block-image size-large\"><img decoding=\"async\" width=\"611\" height=\"193\" src=\"http:\/\/apub.org.br\/wp-content\/uploads\/2022\/03\/1.jpg\" alt=\"\" class=\"wp-image-36928\" srcset=\"https:\/\/apub.org.br\/siteantigo\/wp-content\/uploads\/2022\/03\/1.jpg 611w, https:\/\/apub.org.br\/siteantigo\/wp-content\/uploads\/2022\/03\/1-300x95.jpg 300w\" sizes=\"(max-width: 611px) 100vw, 611px\" \/><\/figure>\n\n\n\n<p>Sim, todas as pessoas precisam ser tratadas como \u201cseres humanos.\u201d Ou seja, todas as pessoas devem ser tratadas com dignidade e com os direitos fundamentais assegurados. Mas esta n\u00e3o \u00e9 a hist\u00f3ria da popula\u00e7\u00e3o negra no Brasil.<\/p>\n\n\n\n<p>O pa\u00eds teve mais de 380 anos de escravid\u00e3o e, quando ela foi abolida, n\u00e3o houve nenhum tipo de pol\u00edtica que corrigisse o erro hist\u00f3rico de escravizar pessoas por causa da sua cor. Ou seja, os negros n\u00e3o foram inseridos nem no mercado de trabalho e nem na vida em sociedade. Continuaram sem terra e sem ocupa\u00e7\u00f5es formais no mercado de trabalho. Portanto, permaneceram exclu\u00eddos socialmente durante s\u00e9culos.<\/p>\n\n\n\n<p>E \u00e9 desta linha de partida que cada pessoa da cor negra saiu para conseguir trabalhar, estudar, etc. Portanto, acreditar que a segrega\u00e7\u00e3o n\u00e3o existe seria fingir que deixamos de lado os fatores sociais e hist\u00f3ricos que continuam contribuindo para que o racismo se perpetue na sociedade.<\/p>\n\n\n\n<figure class=\"wp-block-image size-large\"><img decoding=\"async\" width=\"694\" height=\"114\" src=\"http:\/\/apub.org.br\/wp-content\/uploads\/2022\/03\/2.jpg\" alt=\"\" class=\"wp-image-36929\" srcset=\"https:\/\/apub.org.br\/siteantigo\/wp-content\/uploads\/2022\/03\/2.jpg 694w, https:\/\/apub.org.br\/siteantigo\/wp-content\/uploads\/2022\/03\/2-300x49.jpg 300w\" sizes=\"(max-width: 694px) 100vw, 694px\" \/><\/figure>\n\n\n\n<p>Segundo o coment\u00e1rio, negros seriam analfabetos e, por isso, n\u00e3o fizeram o Enem&#8230;<\/p>\n\n\n\n<figure class=\"wp-block-image size-large\"><img loading=\"lazy\" decoding=\"async\" width=\"581\" height=\"95\" src=\"http:\/\/apub.org.br\/wp-content\/uploads\/2022\/03\/3.jpg\" alt=\"\" class=\"wp-image-36930\" srcset=\"https:\/\/apub.org.br\/siteantigo\/wp-content\/uploads\/2022\/03\/3.jpg 581w, https:\/\/apub.org.br\/siteantigo\/wp-content\/uploads\/2022\/03\/3-300x49.jpg 300w\" sizes=\"(max-width: 581px) 100vw, 581px\" \/><\/figure>\n\n\n\n<p>J\u00e1 para este outro usu\u00e1rio, negros n\u00e3o estudam. E teve muitas pessoas concordando com o coment\u00e1rio.<\/p>\n\n\n\n<figure class=\"wp-block-image size-large\"><img loading=\"lazy\" decoding=\"async\" width=\"607\" height=\"72\" src=\"http:\/\/apub.org.br\/wp-content\/uploads\/2022\/03\/4.jpg\" alt=\"\" class=\"wp-image-36931\" srcset=\"https:\/\/apub.org.br\/siteantigo\/wp-content\/uploads\/2022\/03\/4.jpg 607w, https:\/\/apub.org.br\/siteantigo\/wp-content\/uploads\/2022\/03\/4-300x36.jpg 300w\" sizes=\"(max-width: 607px) 100vw, 607px\" \/><\/figure>\n\n\n\n<p>E segundo este coment\u00e1rio, as pessoas negras seriam todas socialistas e n\u00e3o estudam por causa de ambos os fatores (cor da pele e vis\u00e3o pol\u00edtica). Aqui, h\u00e1 uma combina\u00e7\u00e3o entre uma vis\u00e3o racista e a paranoia infantilizada sobre socialismo\/comunismo.<\/p>\n\n\n\n<figure class=\"wp-block-image size-large\"><img loading=\"lazy\" decoding=\"async\" width=\"642\" height=\"160\" src=\"http:\/\/apub.org.br\/wp-content\/uploads\/2022\/03\/5.jpg\" alt=\"\" class=\"wp-image-36932\" srcset=\"https:\/\/apub.org.br\/siteantigo\/wp-content\/uploads\/2022\/03\/5.jpg 642w, https:\/\/apub.org.br\/siteantigo\/wp-content\/uploads\/2022\/03\/5-300x75.jpg 300w\" sizes=\"(max-width: 642px) 100vw, 642px\" \/><\/figure>\n\n\n\n<p>Al\u00e9m de generalizar a ideia de que pessoas negrasm n\u00e3o gostam de estudar (revalando no crime de racismo), este coment\u00e1rio traz a ideia falaciosa da meritocracia que \u00e9, em linhas gerais, um sistema de recompensa, promo\u00e7\u00e3o ou ascens\u00e3o baseada exclusivamente no m\u00e9rito pessoal. A ideia de que a sua posi\u00e7\u00e3o social \u00e9 consequ\u00eancia apenas dos seus atos.<\/p>\n\n\n\n<p>Ignora, portanto, as condi\u00e7\u00f5es sociais e hist\u00f3ricas que marcam a sociedade brasileira e servem para impedir que um grupo de pessoas (que sofre o racismo) alcance as mesmas condi\u00e7\u00f5es de vida que outros grupos. \u00c9 um mito que serve \u00e0 reprodu\u00e7\u00e3o das desigualdades sociais e raciais.&nbsp; Um discurso utilizado para legitimar que a culpa \u00e9 de quem n\u00e3o atingiu o \u201csucesso\u201d, e n\u00e3o de uma pol\u00edtica opressora para grande parte da sociedade e repleta de privil\u00e9gios para outra pequena e abastada parcela.<\/p>\n\n\n\n<p>Pessoas que tiveram hist\u00f3rias marcadas por limita\u00e7\u00f5es econ\u00f4micas e sociais (e que foram muito mais afetadas pela pandemia de Covid-19) ter\u00e3o as mesmas condi\u00e7\u00f5es de disputar o acesso ao ensino superior que os herdeiros dos mais diversos privil\u00e9gios (isso inclui estudar nas mais caras escolas do pa\u00eds)<em><strong>?<\/strong><\/em> &nbsp;<\/p>\n\n\n\n<figure class=\"wp-block-image size-large\"><img loading=\"lazy\" decoding=\"async\" width=\"369\" height=\"80\" src=\"http:\/\/apub.org.br\/wp-content\/uploads\/2022\/03\/6.jpg\" alt=\"\" class=\"wp-image-36933\" srcset=\"https:\/\/apub.org.br\/siteantigo\/wp-content\/uploads\/2022\/03\/6.jpg 369w, https:\/\/apub.org.br\/siteantigo\/wp-content\/uploads\/2022\/03\/6-300x65.jpg 300w\" sizes=\"(max-width: 369px) 100vw, 369px\" \/><\/figure>\n\n\n\n<p>\u201c\u00c9 s\u00f3 estudar\u201d. Como se a realidade de estudantes das camadas mais pobres fosse a mesma dos filhos das elites que estudam em escolas caras, repletas de recursos tecnol\u00f3gicos, com ensino integral e atividades extracurriculares, por exemplo.<\/p>\n\n\n\n<figure class=\"wp-block-image size-large\"><img loading=\"lazy\" decoding=\"async\" width=\"681\" height=\"104\" src=\"http:\/\/apub.org.br\/wp-content\/uploads\/2022\/03\/7.jpg\" alt=\"\" class=\"wp-image-36934\" srcset=\"https:\/\/apub.org.br\/siteantigo\/wp-content\/uploads\/2022\/03\/7.jpg 681w, https:\/\/apub.org.br\/siteantigo\/wp-content\/uploads\/2022\/03\/7-300x46.jpg 300w\" sizes=\"(max-width: 681px) 100vw, 681px\" \/><\/figure>\n\n\n\n<p>No ano anterior n\u00e3o havia aulas de matem\u00e1tica, portugu\u00eas etc? Segundo essa vis\u00e3o, pessoas negras n\u00e3o estariam habilitadas nessas disciplinas.<\/p>\n\n\n\n<figure class=\"wp-block-image size-large\"><img loading=\"lazy\" decoding=\"async\" width=\"682\" height=\"96\" src=\"http:\/\/apub.org.br\/wp-content\/uploads\/2022\/03\/8.jpg\" alt=\"\" class=\"wp-image-36935\" srcset=\"https:\/\/apub.org.br\/siteantigo\/wp-content\/uploads\/2022\/03\/8.jpg 682w, https:\/\/apub.org.br\/siteantigo\/wp-content\/uploads\/2022\/03\/8-300x42.jpg 300w\" sizes=\"(max-width: 682px) 100vw, 682px\" \/><\/figure>\n\n\n\n<p>Segundo estudos, pessoas negras utilizam mais o transporte p\u00fablico do que as n\u00e3o negras. Mas certamente n\u00e3o \u00e9 por isso que o Enem 2021 teve a menor participa\u00e7\u00e3o dessa parcela da popula\u00e7\u00e3o na hist\u00f3ria.<\/p>\n\n\n\n<figure class=\"wp-block-image size-large\"><img loading=\"lazy\" decoding=\"async\" width=\"665\" height=\"156\" src=\"http:\/\/apub.org.br\/wp-content\/uploads\/2022\/03\/9.jpg\" alt=\"\" class=\"wp-image-36936\" srcset=\"https:\/\/apub.org.br\/siteantigo\/wp-content\/uploads\/2022\/03\/9.jpg 665w, https:\/\/apub.org.br\/siteantigo\/wp-content\/uploads\/2022\/03\/9-300x70.jpg 300w\" sizes=\"(max-width: 665px) 100vw, 665px\" \/><\/figure>\n\n\n\n<p>Esse coment\u00e1rio \u00e9 t\u00edpico de quem acredita na ideia de que existiria um tipo de \u2018racismo reverso\u2019, que afetaria grupos sociais que n\u00e3o sofrem discrimina\u00e7\u00e3o.<\/p>\n\n\n\n<figure class=\"wp-block-image size-large\"><img loading=\"lazy\" decoding=\"async\" width=\"636\" height=\"108\" src=\"http:\/\/apub.org.br\/wp-content\/uploads\/2022\/03\/10.jpg\" alt=\"\" class=\"wp-image-36937\" srcset=\"https:\/\/apub.org.br\/siteantigo\/wp-content\/uploads\/2022\/03\/10.jpg 636w, https:\/\/apub.org.br\/siteantigo\/wp-content\/uploads\/2022\/03\/10-300x51.jpg 300w\" sizes=\"(max-width: 636px) 100vw, 636px\" \/><\/figure>\n\n\n\n<p>H\u00e1 muitos coment\u00e1rios do tipo \u2018racismo reverso\u2019, mas este foi al\u00e9m e ainda deu a entender que pessoas negras n\u00e3o acordam de madrugada para trabalhar e prover o sustento de suas fam\u00edlias (sendo que estudos mostram que s\u00e3o elas que passam mais tempo no transporte p\u00fablico, a caminho do trabalho).<\/p>\n\n\n\n<figure class=\"wp-block-image size-large\"><img loading=\"lazy\" decoding=\"async\" width=\"672\" height=\"124\" src=\"http:\/\/apub.org.br\/wp-content\/uploads\/2022\/03\/11.jpg\" alt=\"\" class=\"wp-image-36938\" srcset=\"https:\/\/apub.org.br\/siteantigo\/wp-content\/uploads\/2022\/03\/11.jpg 672w, https:\/\/apub.org.br\/siteantigo\/wp-content\/uploads\/2022\/03\/11-300x55.jpg 300w\" sizes=\"(max-width: 672px) 100vw, 672px\" \/><\/figure>\n\n\n\n<p>Este chegou a parabenizar o presidente por excluir pessoas negras de algumas profiss\u00f5es.<\/p>\n\n\n\n<figure class=\"wp-block-image size-large\"><img loading=\"lazy\" decoding=\"async\" width=\"683\" height=\"149\" src=\"http:\/\/apub.org.br\/wp-content\/uploads\/2022\/03\/13.jpg\" alt=\"\" class=\"wp-image-36939\" srcset=\"https:\/\/apub.org.br\/siteantigo\/wp-content\/uploads\/2022\/03\/13.jpg 683w, https:\/\/apub.org.br\/siteantigo\/wp-content\/uploads\/2022\/03\/13-300x65.jpg 300w\" sizes=\"(max-width: 683px) 100vw, 683px\" \/><\/figure>\n\n\n\n<p>V\u00e1rios estudos mostram que um dos principais objetivos das a\u00e7\u00f5es afirmativas \u00e9 promover condi\u00e7\u00f5es para que todos, na sociedade, possam competir em condi\u00e7\u00f5es iguais. S\u00e3o medidas que governos e empresas implementam para recolocar negros e negros nas posi\u00e7\u00f5es que teriam alcan\u00e7ado se n\u00e3o houvesse discrimina\u00e7\u00e3o.<\/p>\n\n\n\n<p>Existe uma d\u00edvida hist\u00f3rica com a popula\u00e7\u00e3o negra que sempre se viu desvalorizada e teve sua vida impactada pelo preconceito racial e por condi\u00e7\u00f5es sociais muito mais limitantes do que outros grupos sociais, inclusive com muito mais dificuldade do acesso a uma educa\u00e7\u00e3o de qualidade que proporcione condi\u00e7\u00f5es para disputar vagas nas universidades p\u00fablicas, por exemplo.<\/p>\n\n\n\n<figure class=\"wp-block-image size-large\"><img loading=\"lazy\" decoding=\"async\" width=\"602\" height=\"238\" src=\"http:\/\/apub.org.br\/wp-content\/uploads\/2022\/03\/14.jpg\" alt=\"\" class=\"wp-image-36940\" srcset=\"https:\/\/apub.org.br\/siteantigo\/wp-content\/uploads\/2022\/03\/14.jpg 602w, https:\/\/apub.org.br\/siteantigo\/wp-content\/uploads\/2022\/03\/14-300x119.jpg 300w\" sizes=\"(max-width: 602px) 100vw, 602px\" \/><\/figure>\n\n\n\n<p>O coment\u00e1rio acima (assim como muitos outros), tamb\u00e9m resvala no crime de racismo, ao insinuar, de forma muito generalizada, que negros n\u00e3o se dedicam ao estudo e, por isso, n\u00e3o estariam ingressando nas universidades. Isso demonstra mais uma vez o racismo que permeia o pensamento de que brancos seriam mais inteligentes e esfor\u00e7ados e os negros seriam pregui\u00e7osos.<\/p>\n\n\n\n<p>Al\u00e9m disso, ao usar o termo \u2018vitimismo\u2019, o coment\u00e1rio tenta minimizar a import\u00e2ncia das lutas antirracistas e o sofrimento de quem precisa enfrentar o preconceito e a discrimina\u00e7\u00e3o racial no cotidiano.<\/p>\n\n\n\n<p>Jair Bolsonaro, antes mesmo de ser eleito presidente, se referia \u00e0s pol\u00edticas afirmativas como consequ\u00eancia do vitimismo. Portanto, n\u00e3o \u00e9 coincid\u00eancia que hoje esse discurso esteja mais presente do que h\u00e1 alguns anos.<\/p>\n\n\n\n<p><strong>Por que o racismo estrutural ainda existe?<\/strong><\/p>\n\n\n\n<p>\u00c9 verdade que o racismo no Brasil nunca deixou de ser estrutural. Mas de uns anos para c\u00e1, pessoas racistas passaram a se achar encorajadas a expor seus pensamentos preconceituosos.<\/p>\n\n\n\n<p>Eles est\u00e3o se sentido legitimados (ou empoderados) porque o Brasil \u00e9 comandado por um presidente que tem longo hist\u00f3rico de pronunciamentos e posicionamentos racistas, e que chegou at\u00e9 a comparar quilombolas com animais, quando usou o termo arroba, que \u00e9 uma medida de massa (usada geralmente para medir bois) para se referir a pessoas que vivem nos quilombos.<\/p>\n\n\n\n<p>O que Bolsonaro e aqueles que desejam perpetuar o racismo estrutural em nosso pa\u00eds querem \u00e9 que as pessoas esque\u00e7am que ele impacta toda a vida de quem sofre com o preconceito e com a injusti\u00e7a apenas por causa da cor de sua pele.<\/p>\n\n\n\n<p>Eles n\u00e3o querem que as pessoas entendam que existem obst\u00e1culos muito maiores que pessoas negras ter\u00e3o que enfrentar, e que as oportunidades, geralmente, s\u00e3o desiguais. Isso come\u00e7a desde o nascimento, passa pela idade escolar e segue por toda a vida.<\/p>\n\n\n\n<p>E fingir que o racismo n\u00e3o existe \u00e9 um dos principais mecanismos para fazer com que ele continue existindo.<\/p>\n\n\n\n<p>Enquanto sociedade, precisamos dar um passo al\u00e9m. Esse tipo de doen\u00e7a social precisa ser extinta definitivamente, inclusive para que ningu\u00e9m mais se aproveite disso para conquistar seguidores e votos.<\/p>\n\n\n\n<p><\/p>\n\n\n\n<p>Fonte: APUB<\/p>\n","protected":false},"excerpt":{"rendered":"<p>Recentemente, publicamos em nossas m\u00eddias uma mat\u00e9ria que informava que o Exame Nacional do Ensino M\u00e9dio (Enem) de 2021 foi o mais branco e elitista desde 2009, tendo tamb\u00e9m a menor propor\u00e7\u00e3o de candidatos de baixa renda e o menor n\u00famero total de inscritos dos \u00faltimos anos. O texto informava que um dos motivos desta [&hellip;]<\/p>\n","protected":false},"author":2,"featured_media":36975,"comment_status":"closed","ping_status":"closed","sticky":false,"template":"","format":"standard","meta":{"footnotes":""},"categories":[760,530,146],"tags":[819,828,827,831],"class_list":["post-36926","post","type-post","status-publish","format-standard","has-post-thumbnail","hentry","category-comunicacao","category-destaques-1","category-latest-news","tag-apubsindicato","tag-governocontraopovo-2","tag-governomente-2","tag-naoaprivatizacao"],"_links":{"self":[{"href":"https:\/\/apub.org.br\/siteantigo\/wp-json\/wp\/v2\/posts\/36926","targetHints":{"allow":["GET"]}}],"collection":[{"href":"https:\/\/apub.org.br\/siteantigo\/wp-json\/wp\/v2\/posts"}],"about":[{"href":"https:\/\/apub.org.br\/siteantigo\/wp-json\/wp\/v2\/types\/post"}],"author":[{"embeddable":true,"href":"https:\/\/apub.org.br\/siteantigo\/wp-json\/wp\/v2\/users\/2"}],"replies":[{"embeddable":true,"href":"https:\/\/apub.org.br\/siteantigo\/wp-json\/wp\/v2\/comments?post=36926"}],"version-history":[{"count":1,"href":"https:\/\/apub.org.br\/siteantigo\/wp-json\/wp\/v2\/posts\/36926\/revisions"}],"predecessor-version":[{"id":36976,"href":"https:\/\/apub.org.br\/siteantigo\/wp-json\/wp\/v2\/posts\/36926\/revisions\/36976"}],"wp:featuredmedia":[{"embeddable":true,"href":"https:\/\/apub.org.br\/siteantigo\/wp-json\/wp\/v2\/media\/36975"}],"wp:attachment":[{"href":"https:\/\/apub.org.br\/siteantigo\/wp-json\/wp\/v2\/media?parent=36926"}],"wp:term":[{"taxonomy":"category","embeddable":true,"href":"https:\/\/apub.org.br\/siteantigo\/wp-json\/wp\/v2\/categories?post=36926"},{"taxonomy":"post_tag","embeddable":true,"href":"https:\/\/apub.org.br\/siteantigo\/wp-json\/wp\/v2\/tags?post=36926"}],"curies":[{"name":"wp","href":"https:\/\/api.w.org\/{rel}","templated":true}]}}