{"id":37073,"date":"2022-03-15T13:47:35","date_gmt":"2022-03-15T13:47:35","guid":{"rendered":"http:\/\/apub.org.br\/?p=37073"},"modified":"2022-03-15T17:43:31","modified_gmt":"2022-03-15T17:43:31","slug":"cine-debate-da-apub-exibira-a-cor-purpura","status":"publish","type":"post","link":"https:\/\/apub.org.br\/siteantigo\/cine-debate-da-apub-exibira-a-cor-purpura\/","title":{"rendered":"Cine-debate da Apub exibir\u00e1 &#8220;A Cor P\u00farpura&#8221;"},"content":{"rendered":"\n<p>Dando continuidade \u00e0 agenda do m\u00eas de luta das mulheres, a Apub exibe, no dia 17 de mar\u00e7o, quinta-feira, o filme &#8220;A Cor P\u00farpura&#8221;, \u00e0s 18h30, na Saladearte Cine do MAM-BA, com o objetivo de discutir feminismo negro e interseccionalidade. A entrada \u00e9 gratuita.<\/p>\n\n\n\n<p>Ap\u00f3s a sess\u00e3o, acontece a roda de conversa com as debatedoras: <strong>Elisabete Pinto<\/strong>, Professora de Servi\u00e7o Social da UFBA, doutora em Psicologia Social, integrante do N\u00facleo de Estudos G\u00eanero, Ra\u00e7a\/Etnia e Gera\u00e7\u00e3o (NEP-GREG) e l\u00edder do N\u00facleo de Pesquisa A\u00e7\u00f5es Afirmativas e Assist\u00eancia Estudantil; <strong>Janja Ara\u00fajo<\/strong>, professora do Departamento de Estudos de G\u00eanero e Feminismo da FFCH\/UFBA, doutora em Educa\u00e7\u00e3o, l\u00edder do Grupo de Pesquisa G\u00eanero, Arte e Cultura do NEIM, pesquisadora do &#8220;A Cor da Bahia&#8221; &#8211; Programa de Pesquisa e Forma\u00e7\u00e3o em Rela\u00e7\u00f5es Raciais, Cultura e Identidade Negra na Bahia (UFBA) e mestra de Capoeira Angola; e <strong>Cleusa Aparecida da Silva<\/strong>, Coordenadora da Casa Laudelina de Campos Mello, Organiza\u00e7\u00e3o da Mulher Negra, bi\u00f3loga, Especialista em Gest\u00e3o Estrat\u00e9gica de Pol\u00edticas, Especialista Agroecologia e Ambiente Sustent\u00e1vel.<\/p>\n\n\n\n<p>O filme A Cor P\u00farpura (1985), dirigido por Steven Spielberg e baseado no romance de Alice Walker, trata da viol\u00eancia contra as mulheres, machismo e racismo, atravessado por quest\u00f5es hist\u00f3ricas como a di\u00e1spora africana e o processo de escraviza\u00e7\u00e3o do povo negro. \u00a0<\/p>\n\n\n\n<p><strong>SERVI\u00c7O<\/strong><\/p>\n\n\n\n<p>O QUE: Cine-debate: A Cor P\u00farpura (1985)<\/p>\n\n\n\n<p>QUANDO: 17\/03, 18h30<\/p>\n\n\n\n<p>ONDE: Cine Saladearte do MAM-BA<\/p>\n\n\n\n<p><em>ENTRADA FRANCA<\/em><\/p>\n","protected":false},"excerpt":{"rendered":"<p>Dando continuidade \u00e0 agenda do m\u00eas de luta das mulheres, a Apub exibe, no dia 17 de mar\u00e7o, quinta-feira, o filme &#8220;A Cor P\u00farpura&#8221;, \u00e0s 18h30, na Saladearte Cine do MAM-BA, com o objetivo de discutir feminismo negro e interseccionalidade. A entrada \u00e9 gratuita. Ap\u00f3s a sess\u00e3o, acontece a roda de conversa com as debatedoras: [&hellip;]<\/p>\n","protected":false},"author":2,"featured_media":37118,"comment_status":"closed","ping_status":"closed","sticky":false,"template":"","format":"standard","meta":{"footnotes":""},"categories":[530,146],"tags":[],"class_list":["post-37073","post","type-post","status-publish","format-standard","has-post-thumbnail","hentry","category-destaques-1","category-latest-news"],"_links":{"self":[{"href":"https:\/\/apub.org.br\/siteantigo\/wp-json\/wp\/v2\/posts\/37073","targetHints":{"allow":["GET"]}}],"collection":[{"href":"https:\/\/apub.org.br\/siteantigo\/wp-json\/wp\/v2\/posts"}],"about":[{"href":"https:\/\/apub.org.br\/siteantigo\/wp-json\/wp\/v2\/types\/post"}],"author":[{"embeddable":true,"href":"https:\/\/apub.org.br\/siteantigo\/wp-json\/wp\/v2\/users\/2"}],"replies":[{"embeddable":true,"href":"https:\/\/apub.org.br\/siteantigo\/wp-json\/wp\/v2\/comments?post=37073"}],"version-history":[{"count":5,"href":"https:\/\/apub.org.br\/siteantigo\/wp-json\/wp\/v2\/posts\/37073\/revisions"}],"predecessor-version":[{"id":37117,"href":"https:\/\/apub.org.br\/siteantigo\/wp-json\/wp\/v2\/posts\/37073\/revisions\/37117"}],"wp:featuredmedia":[{"embeddable":true,"href":"https:\/\/apub.org.br\/siteantigo\/wp-json\/wp\/v2\/media\/37118"}],"wp:attachment":[{"href":"https:\/\/apub.org.br\/siteantigo\/wp-json\/wp\/v2\/media?parent=37073"}],"wp:term":[{"taxonomy":"category","embeddable":true,"href":"https:\/\/apub.org.br\/siteantigo\/wp-json\/wp\/v2\/categories?post=37073"},{"taxonomy":"post_tag","embeddable":true,"href":"https:\/\/apub.org.br\/siteantigo\/wp-json\/wp\/v2\/tags?post=37073"}],"curies":[{"name":"wp","href":"https:\/\/api.w.org\/{rel}","templated":true}]}}