{"id":37128,"date":"2022-03-17T13:56:34","date_gmt":"2022-03-17T13:56:34","guid":{"rendered":"http:\/\/apub.org.br\/?p=37128"},"modified":"2022-03-17T14:50:41","modified_gmt":"2022-03-17T14:50:41","slug":"apub-na-escuta-sindicato-inicia-passagem-nas-unidades-e-campi","status":"publish","type":"post","link":"https:\/\/apub.org.br\/siteantigo\/apub-na-escuta-sindicato-inicia-passagem-nas-unidades-e-campi\/","title":{"rendered":"Apub na escuta: sindicato inicia passagem nas unidades e campi"},"content":{"rendered":"\n<p>Na manh\u00e3 de ontem (16), o presidente da Apub, Emanuel Lins, esteve na Escola Polit\u00e9cnica da UFBA com professoras e professores da unidade, dando in\u00edcio ao ciclo &#8220;Apub na Escuta&#8221;, que contar\u00e1 com uma rodada de passagens nas unidades e <em>campi<\/em> das Universidades e Instituto Federais da Bahia.<\/p>\n\n\n\n<p>O objetivo das visitas do sindicato \u00e9 conversar sobre quest\u00f5es relativas ao retorno presencial, \u00e0s progress\u00f5es e promo\u00e7\u00f5es na carreira e tamb\u00e9m acolher demandas espec\u00edficas dos locais. <\/p>\n\n\n\n<p>As\/os docentes foram recepcionados com caf\u00e9 da manh\u00e3, organizado pelo sindicato, e tiraram d\u00favidas sobre o que fazer se identifiquem estudantes sem o ciclo vacinal regularizado em suas turmas. Emanuel orientou que a\/o docente pode se recusar a dar aula na presen\u00e7a de n\u00e3o vacinados e os casos devem ser reportados ao colegiado, o qual dever\u00e1 encaminhar \u00e0 administra\u00e7\u00e3o central da UFBA para as devidas provid\u00eancias.  A Apub tamb\u00e9m se manter\u00e1 \u00e0 disposi\u00e7\u00e3o para receber as notifica\u00e7\u00f5es desses casos (com informa\u00e7\u00f5es de nome, componente curricular, unidade, etc.), atrav\u00e9s do e-mail <strong>secretaria@apub.org.br<\/strong>, e acompanhar os desdobramentos no esfor\u00e7o de garantir a sa\u00fade e boas condi\u00e7\u00f5es de trabalho das professoras e professores. <\/p>\n\n\n\n<p>O sindicato j\u00e1 est\u00e1 em articula\u00e7\u00e3o para visita em outros locais &#8211; Faculdade de Direito, Instituto de Geoci\u00eancias, Instituto de F[\u00edsica e Faculdade de Arquitetura da UFBA, nos campi de Barreiras e de Barra da Universidade Federal do Oeste da Bahia e campi da Universidade Federal do Rec\u00f4ncavo da Bahia.<\/p>\n\n\n\n<figure class=\"wp-block-gallery columns-3 is-cropped wp-block-gallery-1 is-layout-flex wp-block-gallery-is-layout-flex\"><ul class=\"blocks-gallery-grid\"><li class=\"blocks-gallery-item\"><figure><img fetchpriority=\"high\" decoding=\"async\" width=\"900\" height=\"600\" src=\"http:\/\/apub.org.br\/wp-content\/uploads\/2022\/03\/IMG_6753.jpg\" alt=\"\" data-id=\"37131\" data-link=\"http:\/\/apub.org.br\/?attachment_id=37131\" class=\"wp-image-37131\" srcset=\"https:\/\/apub.org.br\/siteantigo\/wp-content\/uploads\/2022\/03\/IMG_6753.jpg 900w, https:\/\/apub.org.br\/siteantigo\/wp-content\/uploads\/2022\/03\/IMG_6753-300x200.jpg 300w, https:\/\/apub.org.br\/siteantigo\/wp-content\/uploads\/2022\/03\/IMG_6753-768x512.jpg 768w\" sizes=\"(max-width: 900px) 100vw, 900px\" \/><\/figure><\/li><li class=\"blocks-gallery-item\"><figure><img decoding=\"async\" width=\"900\" height=\"600\" src=\"http:\/\/apub.org.br\/wp-content\/uploads\/2022\/03\/IMG_6739.jpg\" alt=\"\" data-id=\"37132\" data-link=\"http:\/\/apub.org.br\/?attachment_id=37132\" class=\"wp-image-37132\" srcset=\"https:\/\/apub.org.br\/siteantigo\/wp-content\/uploads\/2022\/03\/IMG_6739.jpg 900w, https:\/\/apub.org.br\/siteantigo\/wp-content\/uploads\/2022\/03\/IMG_6739-300x200.jpg 300w, https:\/\/apub.org.br\/siteantigo\/wp-content\/uploads\/2022\/03\/IMG_6739-768x512.jpg 768w\" sizes=\"(max-width: 900px) 100vw, 900px\" \/><\/figure><\/li><li class=\"blocks-gallery-item\"><figure><img decoding=\"async\" width=\"900\" height=\"600\" src=\"http:\/\/apub.org.br\/wp-content\/uploads\/2022\/03\/IMG_6731-1.jpg\" alt=\"\" data-id=\"37138\" data-full-url=\"http:\/\/apub.org.br\/wp-content\/uploads\/2022\/03\/IMG_6731-1.jpg\" data-link=\"http:\/\/apub.org.br\/apub-na-escuta-sindicato-inicia-passagem-nas-unidades-e-campi\/img_6731-1\/\" class=\"wp-image-37138\" srcset=\"https:\/\/apub.org.br\/siteantigo\/wp-content\/uploads\/2022\/03\/IMG_6731-1.jpg 900w, https:\/\/apub.org.br\/siteantigo\/wp-content\/uploads\/2022\/03\/IMG_6731-1-300x200.jpg 300w, https:\/\/apub.org.br\/siteantigo\/wp-content\/uploads\/2022\/03\/IMG_6731-1-768x512.jpg 768w\" sizes=\"(max-width: 900px) 100vw, 900px\" \/><\/figure><\/li><\/ul><\/figure>\n\n\n\n<p><\/p>\n\n\n\n<p><\/p>\n","protected":false},"excerpt":{"rendered":"<p>Na manh\u00e3 de ontem (16), o presidente da Apub, Emanuel Lins, esteve na Escola Polit\u00e9cnica da UFBA com professoras e professores da unidade, dando in\u00edcio ao ciclo &#8220;Apub na Escuta&#8221;, que contar\u00e1 com uma rodada de passagens nas unidades e campi das Universidades e Instituto Federais da Bahia. O objetivo das visitas do sindicato \u00e9 [&hellip;]<\/p>\n","protected":false},"author":2,"featured_media":37129,"comment_status":"closed","ping_status":"closed","sticky":false,"template":"","format":"standard","meta":{"footnotes":""},"categories":[530,146],"tags":[],"class_list":["post-37128","post","type-post","status-publish","format-standard","has-post-thumbnail","hentry","category-destaques-1","category-latest-news"],"_links":{"self":[{"href":"https:\/\/apub.org.br\/siteantigo\/wp-json\/wp\/v2\/posts\/37128","targetHints":{"allow":["GET"]}}],"collection":[{"href":"https:\/\/apub.org.br\/siteantigo\/wp-json\/wp\/v2\/posts"}],"about":[{"href":"https:\/\/apub.org.br\/siteantigo\/wp-json\/wp\/v2\/types\/post"}],"author":[{"embeddable":true,"href":"https:\/\/apub.org.br\/siteantigo\/wp-json\/wp\/v2\/users\/2"}],"replies":[{"embeddable":true,"href":"https:\/\/apub.org.br\/siteantigo\/wp-json\/wp\/v2\/comments?post=37128"}],"version-history":[{"count":9,"href":"https:\/\/apub.org.br\/siteantigo\/wp-json\/wp\/v2\/posts\/37128\/revisions"}],"predecessor-version":[{"id":37145,"href":"https:\/\/apub.org.br\/siteantigo\/wp-json\/wp\/v2\/posts\/37128\/revisions\/37145"}],"wp:featuredmedia":[{"embeddable":true,"href":"https:\/\/apub.org.br\/siteantigo\/wp-json\/wp\/v2\/media\/37129"}],"wp:attachment":[{"href":"https:\/\/apub.org.br\/siteantigo\/wp-json\/wp\/v2\/media?parent=37128"}],"wp:term":[{"taxonomy":"category","embeddable":true,"href":"https:\/\/apub.org.br\/siteantigo\/wp-json\/wp\/v2\/categories?post=37128"},{"taxonomy":"post_tag","embeddable":true,"href":"https:\/\/apub.org.br\/siteantigo\/wp-json\/wp\/v2\/tags?post=37128"}],"curies":[{"name":"wp","href":"https:\/\/api.w.org\/{rel}","templated":true}]}}