{"id":37190,"date":"2022-03-21T19:58:11","date_gmt":"2022-03-21T19:58:11","guid":{"rendered":"http:\/\/apub.org.br\/?p=37190"},"modified":"2022-03-21T20:13:10","modified_gmt":"2022-03-21T20:13:10","slug":"apub-realiza-assembleia-com-pauta-sobre-o-campus-males-unilab","status":"publish","type":"post","link":"https:\/\/apub.org.br\/siteantigo\/apub-realiza-assembleia-com-pauta-sobre-o-campus-males-unilab\/","title":{"rendered":"Apub realiza Assembleia online com pauta sobre o campus Mal\u00eas\/UNILAB"},"content":{"rendered":"\n<p>No dia 23 de mar\u00e7o, pr\u00f3xima quarta-feira, a Apub realiza uma Assembleia online, 14h, em primeira convoca\u00e7\u00e3o e 14h30, em segunda convoca\u00e7\u00e3o, com pauta direcionada ao campus dos Mal\u00eas da UNILAB.<\/p>\n\n\n\n<p>Os pontos de discuss\u00e3o ser\u00e3o a consulta informal para escolha do\/a diretor\/a geral do campus dos Mal\u00eas e a reivindica\u00e7\u00e3o de uma casa de professores\/as em S\u00e3o Francisco do Conde.<\/p>\n\n\n\n<p>Para receber o link de acesso por e-mail, preencha o<a href=\"https:\/\/forms.gle\/FKCZbjZZb81EEN8q9\"> formul\u00e1rio de inscri\u00e7\u00e3o<\/a>.<\/p>\n","protected":false},"excerpt":{"rendered":"<p>No dia 23 de mar\u00e7o, pr\u00f3xima quarta-feira, a Apub realiza uma Assembleia online, 14h, em primeira convoca\u00e7\u00e3o e 14h30, em segunda convoca\u00e7\u00e3o, com pauta direcionada ao campus dos Mal\u00eas da UNILAB. Os pontos de discuss\u00e3o ser\u00e3o a consulta informal para escolha do\/a diretor\/a geral do campus dos Mal\u00eas e a reivindica\u00e7\u00e3o de uma casa de [&hellip;]<\/p>\n","protected":false},"author":2,"featured_media":37192,"comment_status":"closed","ping_status":"closed","sticky":false,"template":"","format":"standard","meta":{"footnotes":""},"categories":[530,146],"tags":[],"class_list":["post-37190","post","type-post","status-publish","format-standard","has-post-thumbnail","hentry","category-destaques-1","category-latest-news"],"_links":{"self":[{"href":"https:\/\/apub.org.br\/siteantigo\/wp-json\/wp\/v2\/posts\/37190","targetHints":{"allow":["GET"]}}],"collection":[{"href":"https:\/\/apub.org.br\/siteantigo\/wp-json\/wp\/v2\/posts"}],"about":[{"href":"https:\/\/apub.org.br\/siteantigo\/wp-json\/wp\/v2\/types\/post"}],"author":[{"embeddable":true,"href":"https:\/\/apub.org.br\/siteantigo\/wp-json\/wp\/v2\/users\/2"}],"replies":[{"embeddable":true,"href":"https:\/\/apub.org.br\/siteantigo\/wp-json\/wp\/v2\/comments?post=37190"}],"version-history":[{"count":3,"href":"https:\/\/apub.org.br\/siteantigo\/wp-json\/wp\/v2\/posts\/37190\/revisions"}],"predecessor-version":[{"id":37195,"href":"https:\/\/apub.org.br\/siteantigo\/wp-json\/wp\/v2\/posts\/37190\/revisions\/37195"}],"wp:featuredmedia":[{"embeddable":true,"href":"https:\/\/apub.org.br\/siteantigo\/wp-json\/wp\/v2\/media\/37192"}],"wp:attachment":[{"href":"https:\/\/apub.org.br\/siteantigo\/wp-json\/wp\/v2\/media?parent=37190"}],"wp:term":[{"taxonomy":"category","embeddable":true,"href":"https:\/\/apub.org.br\/siteantigo\/wp-json\/wp\/v2\/categories?post=37190"},{"taxonomy":"post_tag","embeddable":true,"href":"https:\/\/apub.org.br\/siteantigo\/wp-json\/wp\/v2\/tags?post=37190"}],"curies":[{"name":"wp","href":"https:\/\/api.w.org\/{rel}","templated":true}]}}