{"id":37206,"date":"2022-03-24T14:51:32","date_gmt":"2022-03-24T14:51:32","guid":{"rendered":"http:\/\/apub.org.br\/?p=37206"},"modified":"2022-03-24T14:51:38","modified_gmt":"2022-03-24T14:51:38","slug":"por-que-professores-universitarios-tem-salarios-menores-que-outras-carreiras-do-servico-publico","status":"publish","type":"post","link":"https:\/\/apub.org.br\/siteantigo\/por-que-professores-universitarios-tem-salarios-menores-que-outras-carreiras-do-servico-publico\/","title":{"rendered":"Por que professores universit\u00e1rios t\u00eam sal\u00e1rios menores que outras carreiras do servi\u00e7o p\u00fablico?"},"content":{"rendered":"\n<figure class=\"wp-block-image size-large\"><img fetchpriority=\"high\" decoding=\"async\" width=\"1024\" height=\"752\" src=\"http:\/\/apub.org.br\/wp-content\/uploads\/2022\/03\/por-que-professores-universitarios-tem-salarios-menores-que-outras-carreiras-do-servico-publico-1024x752.jpg\" alt=\"Por que professores universit\u00e1rios t\u00eam sal\u00e1rios menores que outras carreiras do servi\u00e7o p\u00fablico?\" class=\"wp-image-37207\" srcset=\"https:\/\/apub.org.br\/siteantigo\/wp-content\/uploads\/2022\/03\/por-que-professores-universitarios-tem-salarios-menores-que-outras-carreiras-do-servico-publico-1024x752.jpg 1024w, https:\/\/apub.org.br\/siteantigo\/wp-content\/uploads\/2022\/03\/por-que-professores-universitarios-tem-salarios-menores-que-outras-carreiras-do-servico-publico-300x220.jpg 300w, https:\/\/apub.org.br\/siteantigo\/wp-content\/uploads\/2022\/03\/por-que-professores-universitarios-tem-salarios-menores-que-outras-carreiras-do-servico-publico-768x564.jpg 768w, https:\/\/apub.org.br\/siteantigo\/wp-content\/uploads\/2022\/03\/por-que-professores-universitarios-tem-salarios-menores-que-outras-carreiras-do-servico-publico.jpg 1048w\" sizes=\"(max-width: 1024px) 100vw, 1024px\" \/><\/figure>\n\n\n\n<p>Quando o poder p\u00fablico determina quais carreiras ser\u00e3o consideradas estrat\u00e9gicas, est\u00e1 fazendo uma escolha que, geralmente, \u00e9 pautada por sua vis\u00e3o pol\u00edtica de mundo, ou por qual modelo de sociedade pretende desenvolver.<\/p>\n\n\n\n<p>A maioria dos pol\u00edticos e dos governantes<strong> sabem que o investimento em educa\u00e7\u00e3o \u00e9 fator importante para o desenvolvimento de um pa\u00eds. <\/strong>Mas, dependendo de fatores financeiros e ideol\u00f3gicos, muitos governos abandonam a educa\u00e7\u00e3o por terem medo do seu poder transformador.<\/p>\n\n\n\n<p>Em partes, isso explica por que professores universit\u00e1rios recebem sal\u00e1rios inferiores ao de outras carreiras.<\/p>\n\n\n\n<p><strong>Professor federal recebe menos que outras carre<\/strong>iras<\/p>\n\n\n\n<p>No servi\u00e7o p\u00fablico federal, ao compararmos os sal\u00e1rios dos docentes de institutos e de universidades federais com o que \u00e9 pago para outras carreiras, a situa\u00e7\u00e3o tamb\u00e9m \u00e9 reveladora.<\/p>\n\n\n\n<p>Por exemplo, o sal\u00e1rio inicial de um auditor fiscal da Receita Federal que est\u00e1 ingressando na carreira agora e precisa apenas de gradua\u00e7\u00e3o \u00e9 de R$ 21.029,09. Para que um professor de universidade federal chegue ao topo da sua carreira e tenha um sal\u00e1rio pr\u00f3ximo a esse valor, ser\u00e3o necess\u00e1rios cerca de 20 anos. Isso se ele tiver doutorado, trabalhar em regime de Dedica\u00e7\u00e3o Exclusiva (DE) e cumprir com os requisitos que garantam a progress\u00e3o constante.<\/p>\n\n\n\n<p>Segundo estimativa do Proifes-Federa\u00e7\u00e3o, a m\u00e9dia salarial dos docentes de universidades federais gira em torno de R$ 10 mil. No Brasil, professores universit\u00e1rios t\u00eam uma remunera\u00e7\u00e3o 48,4% inferior em rela\u00e7\u00e3o \u00e0 m\u00e9dia dos pa\u00edses da Organiza\u00e7\u00e3o para a Coopera\u00e7\u00e3o e Desenvolvimento Econ\u00f4mico (OCDE).<\/p>\n\n\n\n<p>A mesma discrep\u00e2ncia fica evidente se fizermos essa compara\u00e7\u00e3o com servidores de outras esferas. Por exemplo, o Tribunal de Contas da Uni\u00e3o abriu um concurso em dezembro de 2021 para auditor federal de controle externo, com sal\u00e1rio inicial de R$ 21.947,82 para jornada de 40 horas semanais.<\/p>\n\n\n\n<p>No Poder Judici\u00e1rio est\u00e3o as maiores discrep\u00e2ncias entre os sal\u00e1rios dos t\u00e9cnicos e dos analistas em rela\u00e7\u00e3o aos magistrados. O sal\u00e1rio inicial de juiz federal substituto fica em torno de R$ 32 mil. Com frequ\u00eancia, os vencimentos ultrapassam o teto do funcionalismo p\u00fablico, que \u00e9 de R$ 39.293 (sal\u00e1rio dos ministros do STF).<\/p>\n\n\n\n<p>J\u00e1 os delegados da Pol\u00edcia Federal iniciam com sal\u00e1rios R$ 23.693, mas o presidente Jair Bolsonaro deseja elevar esse piso para R$ 28.889. N\u00e3o por coincid\u00eancia, \u00e9 uma das categorias que ele bajula para manter o m\u00e1ximo de apoio \u00e0 sua reelei\u00e7\u00e3o.<\/p>\n\n\n\n<p>Os sal\u00e1rios dos professores federais tamb\u00e9m s\u00e3o muito defasados em rela\u00e7\u00e3o \u00e0 carreira de pesquisador do Minist\u00e9rio da Ci\u00eancia, Tecnologia e Inova\u00e7\u00f5es (MCTI). Um pesquisador mestre do MCTI, em regime de 40 horas, tem um sal\u00e1rio 113% superior a um professor federal com mesma titula\u00e7\u00e3o e mesma carga hor\u00e1ria. Em final de carreira esta diferen\u00e7a chega a 149%.&nbsp;<\/p>\n\n\n\n<p>No servi\u00e7o p\u00fablico, todas as categorias desempenham um importante papel social. Portanto, o problema n\u00e3o est\u00e1 na remunera\u00e7\u00e3o das outras carreiras e sim no baixo valor pago, hoje, aos docentes federais, que ainda enfrentam perdas crescentes com o sal\u00e1rio congelado h\u00e1 anos. Desde mar\u00e7o de 2015, acumularam perda salarial de 22,41%, segundo levantamento produzido pelo Proifes-Federa\u00e7\u00e3o, tendo por base o \u00cdndice de Pre\u00e7os ao Consumidor Amplo (IPCA).<\/p>\n\n\n\n<p><strong>Educa\u00e7\u00e3o \u00e9 estrat\u00e9gica para o desenvolvimento do pa\u00eds <\/strong><strong><\/strong><\/p>\n\n\n\n<p>O olhar equivocado ou distorcido de governantes para a educa\u00e7\u00e3o superior nos leva a um atraso no desenvolvimento cient\u00edfico que impacta na vida da popula\u00e7\u00e3o.<\/p>\n\n\n\n<p>E n\u00e3o se trata de falta de recursos. \u00c9 quest\u00e3o de prioridade, afinal, o governo de Jair Bolsonaro vem gastando quase metade do or\u00e7amento federal para o pagamento da d\u00edvida p\u00fablica nunca auditada que, mesmo assim, continua crescendo a cada ano.<\/p>\n\n\n\n<p>Um governo que teme a educa\u00e7\u00e3o, em vez de valoriz\u00e1-la, n\u00e3o tem projeto para o futuro do pa\u00eds.<\/p>\n\n\n\n<p><\/p>\n\n\n\n<p>Fonte: APUB<\/p>\n","protected":false},"excerpt":{"rendered":"<p>Quando o poder p\u00fablico determina quais carreiras ser\u00e3o consideradas estrat\u00e9gicas, est\u00e1 fazendo uma escolha que, geralmente, \u00e9 pautada por sua vis\u00e3o pol\u00edtica de mundo, ou por qual modelo de sociedade pretende desenvolver. A maioria dos pol\u00edticos e dos governantes sabem que o investimento em educa\u00e7\u00e3o \u00e9 fator importante para o desenvolvimento de um pa\u00eds. Mas, [&hellip;]<\/p>\n","protected":false},"author":2,"featured_media":37207,"comment_status":"closed","ping_status":"closed","sticky":false,"template":"","format":"standard","meta":{"footnotes":""},"categories":[760,530,146],"tags":[790,828,827,831],"class_list":["post-37206","post","type-post","status-publish","format-standard","has-post-thumbnail","hentry","category-comunicacao","category-destaques-1","category-latest-news","tag-diganaoapec32-2020","tag-governocontraopovo-2","tag-governomente-2","tag-naoaprivatizacao"],"_links":{"self":[{"href":"https:\/\/apub.org.br\/siteantigo\/wp-json\/wp\/v2\/posts\/37206","targetHints":{"allow":["GET"]}}],"collection":[{"href":"https:\/\/apub.org.br\/siteantigo\/wp-json\/wp\/v2\/posts"}],"about":[{"href":"https:\/\/apub.org.br\/siteantigo\/wp-json\/wp\/v2\/types\/post"}],"author":[{"embeddable":true,"href":"https:\/\/apub.org.br\/siteantigo\/wp-json\/wp\/v2\/users\/2"}],"replies":[{"embeddable":true,"href":"https:\/\/apub.org.br\/siteantigo\/wp-json\/wp\/v2\/comments?post=37206"}],"version-history":[{"count":1,"href":"https:\/\/apub.org.br\/siteantigo\/wp-json\/wp\/v2\/posts\/37206\/revisions"}],"predecessor-version":[{"id":37208,"href":"https:\/\/apub.org.br\/siteantigo\/wp-json\/wp\/v2\/posts\/37206\/revisions\/37208"}],"wp:featuredmedia":[{"embeddable":true,"href":"https:\/\/apub.org.br\/siteantigo\/wp-json\/wp\/v2\/media\/37207"}],"wp:attachment":[{"href":"https:\/\/apub.org.br\/siteantigo\/wp-json\/wp\/v2\/media?parent=37206"}],"wp:term":[{"taxonomy":"category","embeddable":true,"href":"https:\/\/apub.org.br\/siteantigo\/wp-json\/wp\/v2\/categories?post=37206"},{"taxonomy":"post_tag","embeddable":true,"href":"https:\/\/apub.org.br\/siteantigo\/wp-json\/wp\/v2\/tags?post=37206"}],"curies":[{"name":"wp","href":"https:\/\/api.w.org\/{rel}","templated":true}]}}