{"id":37268,"date":"2022-03-31T16:32:12","date_gmt":"2022-03-31T19:32:12","guid":{"rendered":"http:\/\/apub.org.br\/?p=37268"},"modified":"2022-05-04T13:11:25","modified_gmt":"2022-05-04T16:11:25","slug":"apub-assufba-e-dce-instalam-comissao-eleitoral-da-consulta-para-reitoria-da-ufba","status":"publish","type":"post","link":"https:\/\/apub.org.br\/siteantigo\/apub-assufba-e-dce-instalam-comissao-eleitoral-da-consulta-para-reitoria-da-ufba\/","title":{"rendered":"APUB, ASSUFBA e DCE instalam Comiss\u00e3o Eleitoral da Consulta para Reitoria da UFBA"},"content":{"rendered":"\n<p>No dia 29 de mar\u00e7o, representantes das tr\u00eas entidades dos setores da UFBA \u2013 docentes, t\u00e9cnicos-administrativos e estudantes \u2013 se reuniram na sede da ASSUFBA, com objetivo de dar seguimento ao processo de organiza\u00e7\u00e3o da Consulta Democr\u00e1tica para escolha da Reitoria da Universidade.<\/p>\n\n\n\n<p>Na reuni\u00e3o foi instalada a Comiss\u00e3o da Consulta com indica\u00e7\u00e3o das tr\u00eas entidades e refletiu-se sobre a organiza\u00e7\u00e3o do processo conforme o momento atual. Al\u00e9m disso, foi esbo\u00e7ado um calend\u00e1rio.<\/p>\n\n\n\n<p>A Comiss\u00e3o instalada se reunir\u00e1 na sede da APUB na na manh\u00e3 do dia 2 de abril (s\u00e1bado) com objetivo de deliberar sobre o calend\u00e1rio, normas e organiza\u00e7\u00e3o do processo.<\/p>\n\n\n\n<p>A comiss\u00e3o instalada tem a seguinte composi\u00e7\u00e3o:<\/p>\n\n\n\n<p><strong>Representa\u00e7\u00e3o APUB<\/strong><\/p>\n\n\n\n<p>Titulares:<br>Joviniano Soares de Carvalho Neto<br>Emanuel Lins Freire Vasconcellos<\/p>\n\n\n\n<p>Suplentes:<br>Raquel Nery Gomes Lima<br>Fernanda Almeida Pereira<\/p>\n\n\n\n<p><strong>Representa\u00e7\u00e3o ASSUFBA<\/strong><\/p>\n\n\n\n<p>Titulares:<br>Ant\u00f4nio Bonfim Moreira<br>Mario S\u00e9rgio Nascimento<\/p>\n\n\n\n<p>Suplentes:<br>Adelm\u00e1ria Ione dos Santos<br>Ros\u00e2ngela de Santana<\/p>\n\n\n\n<p><strong>Representa\u00e7\u00e3o DCE\/UFBA<\/strong><\/p>\n\n\n\n<p>Titulares:<br>Rafaella Souza Rios<br>Arlindo Souza Neto<\/p>\n\n\n\n<p>Suplentes:<br>Renata Duran<br>Pedro Almeida Mendes de Jesus<\/p>\n","protected":false},"excerpt":{"rendered":"<p>No dia 29 de mar\u00e7o, representantes das tr\u00eas entidades dos setores da UFBA \u2013 docentes, t\u00e9cnicos-administrativos e estudantes \u2013 se reuniram na sede da ASSUFBA, com objetivo de dar seguimento ao processo de organiza\u00e7\u00e3o da Consulta Democr\u00e1tica para escolha da Reitoria da Universidade. Na reuni\u00e3o foi instalada a Comiss\u00e3o da Consulta com indica\u00e7\u00e3o das tr\u00eas [&hellip;]<\/p>\n","protected":false},"author":2,"featured_media":19030,"comment_status":"closed","ping_status":"closed","sticky":false,"template":"","format":"standard","meta":{"footnotes":""},"categories":[852,530,144,146],"tags":[],"class_list":["post-37268","post","type-post","status-publish","format-standard","has-post-thumbnail","hentry","category-1-a-consulta","category-destaques-1","category-ufba-latest-news","category-latest-news"],"_links":{"self":[{"href":"https:\/\/apub.org.br\/siteantigo\/wp-json\/wp\/v2\/posts\/37268","targetHints":{"allow":["GET"]}}],"collection":[{"href":"https:\/\/apub.org.br\/siteantigo\/wp-json\/wp\/v2\/posts"}],"about":[{"href":"https:\/\/apub.org.br\/siteantigo\/wp-json\/wp\/v2\/types\/post"}],"author":[{"embeddable":true,"href":"https:\/\/apub.org.br\/siteantigo\/wp-json\/wp\/v2\/users\/2"}],"replies":[{"embeddable":true,"href":"https:\/\/apub.org.br\/siteantigo\/wp-json\/wp\/v2\/comments?post=37268"}],"version-history":[{"count":1,"href":"https:\/\/apub.org.br\/siteantigo\/wp-json\/wp\/v2\/posts\/37268\/revisions"}],"predecessor-version":[{"id":37269,"href":"https:\/\/apub.org.br\/siteantigo\/wp-json\/wp\/v2\/posts\/37268\/revisions\/37269"}],"wp:featuredmedia":[{"embeddable":true,"href":"https:\/\/apub.org.br\/siteantigo\/wp-json\/wp\/v2\/media\/19030"}],"wp:attachment":[{"href":"https:\/\/apub.org.br\/siteantigo\/wp-json\/wp\/v2\/media?parent=37268"}],"wp:term":[{"taxonomy":"category","embeddable":true,"href":"https:\/\/apub.org.br\/siteantigo\/wp-json\/wp\/v2\/categories?post=37268"},{"taxonomy":"post_tag","embeddable":true,"href":"https:\/\/apub.org.br\/siteantigo\/wp-json\/wp\/v2\/tags?post=37268"}],"curies":[{"name":"wp","href":"https:\/\/api.w.org\/{rel}","templated":true}]}}