{"id":37270,"date":"2022-03-31T17:48:52","date_gmt":"2022-03-31T17:48:52","guid":{"rendered":"http:\/\/apub.org.br\/?p=37270"},"modified":"2022-03-31T17:58:46","modified_gmt":"2022-03-31T17:58:46","slug":"a-historia-nos-ensina-ditadura-militar-nunca-mais","status":"publish","type":"post","link":"https:\/\/apub.org.br\/siteantigo\/a-historia-nos-ensina-ditadura-militar-nunca-mais\/","title":{"rendered":"A hist\u00f3ria nos ensina: Ditadura Militar nunca mais"},"content":{"rendered":"\n<p>Muitas e muitos tombaram lutando contra a Ditadura Militar no Brasil. O golpe instaurado entre 31 de mar\u00e7o e 01 de abril de 1964, que estabeleceu o regime por duas d\u00e9cadas no pa\u00eds, veio para interromper um ciclo de avan\u00e7os pol\u00edticos, econ\u00f4micos e da organiza\u00e7\u00e3o popular; perseguiu, torturou e assassinou quem ousou ser cr\u00edtico e contr\u00e1rio ao fascismo e ao imperialismo, inclusive professoras\/es e estudantes universit\u00e1rios. A APUB \u00e9 fruto dessa resist\u00eancia, e foi fundada em 1968 por docentes que se opuseram \u00e0 invas\u00e3o e viol\u00eancia dos militares na Universidade.<\/p>\n\n\n\n<p>Essa luta por democracia, por liberdade pol\u00edtica e de express\u00e3o n\u00e3o foi em v\u00e3o, mas tamb\u00e9m n\u00e3o se findou. Prova disso \u00e9 a declara\u00e7\u00e3o do Minist\u00e9rio da Defesa no dia 30 de mar\u00e7o de 2022, que celebrou, numa tentativa revisionista da hist\u00f3ria, o golpe como um marco da evolu\u00e7\u00e3o pol\u00edtica brasileira. N\u00e3o surpreende sendo ele parte do governo de Jair Bolsonaro, que homenageia publicamente torturadores, debocha da busca incessante por Mem\u00f3ria, Verdade e Justi\u00e7a, j\u00e1 fez diversas alus\u00f5es a um novo golpe militar e tentativas de censurar seus opositores.<\/p>\n\n\n\n<p>Diante disso, nos resta ent\u00e3o, como sociedade civil organizada, n\u00e3o naturalizar a viol\u00eancia do autoritarismo nem negligenciar os sinais do fascismo em nossa sociedade, afinal a ditadura j\u00e1 nos mostrou do que ele \u00e9 capaz. De outro lado, devemos anunciar reiteradamente que a Democracia \u00e9 um fazer constante, uma tarefa que n\u00e3o cessa; e que a liberdade s\u00f3 se realiza ao pratic\u00e1-la, desafiando o medo.<\/p>\n\n\n\n<p>Vale lembrar tamb\u00e9m que a mem\u00f3ria hist\u00f3rica \u00e9 nossa aliada. Por isso, a Apub apoiou o projeto que mudou o nome da Avenida Adhemar de Barros, governador que foi apoiador da Ditadura, para Milton Santos, professor e intelectual que, por sua contribui\u00e7\u00e3o ao pensamento cr\u00edtico e ao movimento de resist\u00eancia, foi perseguido pelos militares. O sindicato \u00e9 tamb\u00e9m fiel apoiador da Marcha do Sil\u00eancio, que este ano acontece no dia 01 de abril, \u00e0s 16h, saindo da Pra\u00e7a da Piedade at\u00e9 o Monumento dos Mortos e Desaparecidos Pol\u00edticos no Campo da P\u00f3lvora.<\/p>\n\n\n\n<p><strong>APUB por Mem\u00f3ria, Verdade e Justi\u00e7a. DITADURA NUNCA MAIS!<\/strong><\/p>\n","protected":false},"excerpt":{"rendered":"<p>Muitas e muitos tombaram lutando contra a Ditadura Militar no Brasil. O golpe instaurado entre 31 de mar\u00e7o e 01 de abril de 1964, que estabeleceu o regime por duas d\u00e9cadas no pa\u00eds, veio para interromper um ciclo de avan\u00e7os pol\u00edticos, econ\u00f4micos e da organiza\u00e7\u00e3o popular; perseguiu, torturou e assassinou quem ousou ser cr\u00edtico e [&hellip;]<\/p>\n","protected":false},"author":2,"featured_media":37276,"comment_status":"closed","ping_status":"closed","sticky":false,"template":"","format":"standard","meta":{"footnotes":""},"categories":[530,146],"tags":[],"class_list":["post-37270","post","type-post","status-publish","format-standard","has-post-thumbnail","hentry","category-destaques-1","category-latest-news"],"_links":{"self":[{"href":"https:\/\/apub.org.br\/siteantigo\/wp-json\/wp\/v2\/posts\/37270","targetHints":{"allow":["GET"]}}],"collection":[{"href":"https:\/\/apub.org.br\/siteantigo\/wp-json\/wp\/v2\/posts"}],"about":[{"href":"https:\/\/apub.org.br\/siteantigo\/wp-json\/wp\/v2\/types\/post"}],"author":[{"embeddable":true,"href":"https:\/\/apub.org.br\/siteantigo\/wp-json\/wp\/v2\/users\/2"}],"replies":[{"embeddable":true,"href":"https:\/\/apub.org.br\/siteantigo\/wp-json\/wp\/v2\/comments?post=37270"}],"version-history":[{"count":2,"href":"https:\/\/apub.org.br\/siteantigo\/wp-json\/wp\/v2\/posts\/37270\/revisions"}],"predecessor-version":[{"id":37277,"href":"https:\/\/apub.org.br\/siteantigo\/wp-json\/wp\/v2\/posts\/37270\/revisions\/37277"}],"wp:featuredmedia":[{"embeddable":true,"href":"https:\/\/apub.org.br\/siteantigo\/wp-json\/wp\/v2\/media\/37276"}],"wp:attachment":[{"href":"https:\/\/apub.org.br\/siteantigo\/wp-json\/wp\/v2\/media?parent=37270"}],"wp:term":[{"taxonomy":"category","embeddable":true,"href":"https:\/\/apub.org.br\/siteantigo\/wp-json\/wp\/v2\/categories?post=37270"},{"taxonomy":"post_tag","embeddable":true,"href":"https:\/\/apub.org.br\/siteantigo\/wp-json\/wp\/v2\/tags?post=37270"}],"curies":[{"name":"wp","href":"https:\/\/api.w.org\/{rel}","templated":true}]}}