{"id":39016,"date":"2022-06-28T23:18:34","date_gmt":"2022-06-29T02:18:34","guid":{"rendered":"http:\/\/apub.org.br\/?p=39016"},"modified":"2022-06-29T15:20:26","modified_gmt":"2022-06-29T18:20:26","slug":"professores-as-reafirmam-estado-de-mobilizacao-permanente-em-assembleia","status":"publish","type":"post","link":"https:\/\/apub.org.br\/siteantigo\/professores-as-reafirmam-estado-de-mobilizacao-permanente-em-assembleia\/","title":{"rendered":"Docentes reafirmam estado de mobiliza\u00e7\u00e3o permanente em Assembleia"},"content":{"rendered":"\n<p class=\"has-text-align-center\"><strong>A decis\u00e3o <em>foi tomada durante Assembleia Geral realizada na tarde desta ter\u00e7a-feira (28.).<\/em><\/strong><\/p>\n\n\n\n<p>Em Assembleia Geral, realizada na tarde desta ter\u00e7a-feira (28), no Audit\u00f3rio A, do Pavilh\u00e3o de Aulas Reitor Felipe Serpa (PAF 1), docentes reafirmaram a manuten\u00e7\u00e3o do estado de mobiliza\u00e7\u00e3o permanente, em sintonia com a delibera\u00e7\u00e3o da Assembleia realizada no dia 22 de fevereiro deste ano, momento em que o tema foi amplamente debatido. O indicativo de greve tamb\u00e9m foi acrescentado, caso a conjuntura seja alterada e aponte a necessidade. <\/p>\n\n\n\n<p>O presidente Emanuel Lins e a Diretora Financeira da APUB, Fernanda Almeida, foram os respons\u00e1veis pela condu\u00e7\u00e3o dos trabalhos, iniciado ap\u00f3s apresenta\u00e7\u00e3o dos informes; a exemplo do  investimento na Apub Sa\u00fade atrav\u00e9s da doa\u00e7\u00e3o, que condiciona a operadora a ampliar os benef\u00edcios para os seus filiados, e da convoca\u00e7\u00e3o para a participa\u00e7\u00e3o da categoria no ato c\u00edvico do 2 de Julho. \u201cEstamos prontos para, em esp\u00edrito de unidade, discutir, debater e deliberar t\u00e1ticas para avan\u00e7ar durante o estado de mobiliza\u00e7\u00e3o permanente. Sabemos que o nosso principal inimigo \u00e9 o governo Bolsonaro. Mas, sabemos tamb\u00e9m, que derrotar o governo n\u00e3o \u00e9 suficiente e a nossa tarefa ultrapassa as elei\u00e7\u00f5es. \u00c9 preciso entrar no segundo semestre com esp\u00edrito de unidade, sabendo exatamente quais caminhos devemos seguir para avan\u00e7ar nos nossos pleitos e adquirir novas conquistas\u201d, pontuou, Emanuel Lins, Presidente APUB. <\/p>\n\n\n\n<p>Ap\u00f3s os informes, o presidente fez um retrospecto das pautas deliberadas no m\u00eas de fevereiro e uma an\u00e1lise do cen\u00e1rio pol\u00edtico atual. Entre os assuntos abordados est\u00e3o reajuste e recomposi\u00e7\u00e3o salarial, planos de carreiras e bloqueio das verbas destinadas \u00e0s institui\u00e7\u00f5es federais de ensino superior.<\/p>\n\n\n\n<p><strong>Unidade e comprometimento para luta<\/strong><\/p>\n\n\n\n<p>O sentimento de que a greve n\u00e3o \u00e9 a t\u00e1tica mais apropriada diante do cen\u00e1rio pol\u00edtico atual permeou boa parte do discursos; a maioria fez quest\u00e3o de destacar a import\u00e2ncia do maior comprometimento da categoria, intensifica\u00e7\u00e3o das mobiliza\u00e7\u00e3o nos dias que antecedem as atividades, al\u00e9m de posicionamentos contr\u00e1rios \u00e0 aprova\u00e7\u00e3o da greve. \u201cAo inv\u00e9s de dizer: eu quero greve, precisamos participar mais, interagir mais, construir canais de intera\u00e7\u00e3o e mobiliza\u00e7\u00e3o. Al\u00e9m de criar mecanismos e caminhos para eleger a bancada da educa\u00e7\u00e3o&#8221;, defendeu Fernanda Almeida.<\/p>\n\n\n\n<p>Para o professor Jailson Alves, a greve s\u00f3 \u00e9 um bom caminho quando as estrat\u00e9gias est\u00e3o bem definidas. \u201cN\u00e3o existe vit\u00f3ria nas nossas lutas sem unidade e mobiliza\u00e7\u00e3o. Temos que construir o indicativo de greve primeiro entre n\u00f3s!&nbsp;&nbsp;Depois, vamos conversar com a sociedade. Eu defendo greve, sim! Mas, com condi\u00e7\u00f5es bem claras e estabelecidas\u201c, avaliou o professor do Instituto de Qu\u00edmica\/UFBA.<\/p>\n\n\n\n<p><strong>Encaminhamentos <\/strong><br>1. Manuten\u00e7\u00e3o do estado de mobiliza\u00e7\u00e3o permanente;<\/p>\n\n\n\n<p>2. Entrega de carta programa da APUB para candidaturas majorit\u00e1rias e proporcionais;<\/p>\n\n\n\n<p>3. Constru\u00e7\u00e3o de um ato unificado no dia 15 de agosto;<\/p>\n\n\n\n<p>4. Constru\u00e7\u00e3o do selo \u201cAmigos e Amigas da Educa\u00e7\u00e3o\u201d.<\/p>\n\n\n\n<p><\/p>\n\n\n\n<p><\/p>\n\n\n\n<figure class=\"wp-block-gallery has-nested-images columns-default is-cropped wp-block-gallery-1 is-layout-flex wp-block-gallery-is-layout-flex\">\n<figure class=\"wp-block-image size-large\"><img fetchpriority=\"high\" decoding=\"async\" width=\"1280\" height=\"853\" data-id=\"39070\" src=\"http:\/\/apub.org.br\/wp-content\/uploads\/2022\/06\/WhatsApp-Image-2022-06-29-at-13.18.40-3.jpeg\" alt=\"\" class=\"wp-image-39070\" srcset=\"https:\/\/apub.org.br\/siteantigo\/wp-content\/uploads\/2022\/06\/WhatsApp-Image-2022-06-29-at-13.18.40-3.jpeg 1280w, https:\/\/apub.org.br\/siteantigo\/wp-content\/uploads\/2022\/06\/WhatsApp-Image-2022-06-29-at-13.18.40-3-300x200.jpeg 300w, https:\/\/apub.org.br\/siteantigo\/wp-content\/uploads\/2022\/06\/WhatsApp-Image-2022-06-29-at-13.18.40-3-1024x682.jpeg 1024w, https:\/\/apub.org.br\/siteantigo\/wp-content\/uploads\/2022\/06\/WhatsApp-Image-2022-06-29-at-13.18.40-3-768x512.jpeg 768w\" sizes=\"(max-width: 1280px) 100vw, 1280px\" \/><\/figure>\n\n\n\n<figure class=\"wp-block-image size-large\"><img decoding=\"async\" width=\"1280\" height=\"853\" data-id=\"39074\" src=\"http:\/\/apub.org.br\/wp-content\/uploads\/2022\/06\/WhatsApp-Image-2022-06-29-at-13.18.40.jpeg\" alt=\"\" class=\"wp-image-39074\" srcset=\"https:\/\/apub.org.br\/siteantigo\/wp-content\/uploads\/2022\/06\/WhatsApp-Image-2022-06-29-at-13.18.40.jpeg 1280w, https:\/\/apub.org.br\/siteantigo\/wp-content\/uploads\/2022\/06\/WhatsApp-Image-2022-06-29-at-13.18.40-300x200.jpeg 300w, https:\/\/apub.org.br\/siteantigo\/wp-content\/uploads\/2022\/06\/WhatsApp-Image-2022-06-29-at-13.18.40-1024x682.jpeg 1024w, https:\/\/apub.org.br\/siteantigo\/wp-content\/uploads\/2022\/06\/WhatsApp-Image-2022-06-29-at-13.18.40-768x512.jpeg 768w\" sizes=\"(max-width: 1280px) 100vw, 1280px\" \/><\/figure>\n\n\n\n<figure class=\"wp-block-image size-large\"><img decoding=\"async\" width=\"1280\" height=\"853\" data-id=\"39084\" src=\"http:\/\/apub.org.br\/wp-content\/uploads\/2022\/06\/WhatsApp-Image-2022-06-29-at-13.18.39-1.jpeg\" alt=\"\" class=\"wp-image-39084\" srcset=\"https:\/\/apub.org.br\/siteantigo\/wp-content\/uploads\/2022\/06\/WhatsApp-Image-2022-06-29-at-13.18.39-1.jpeg 1280w, https:\/\/apub.org.br\/siteantigo\/wp-content\/uploads\/2022\/06\/WhatsApp-Image-2022-06-29-at-13.18.39-1-300x200.jpeg 300w, https:\/\/apub.org.br\/siteantigo\/wp-content\/uploads\/2022\/06\/WhatsApp-Image-2022-06-29-at-13.18.39-1-1024x682.jpeg 1024w, https:\/\/apub.org.br\/siteantigo\/wp-content\/uploads\/2022\/06\/WhatsApp-Image-2022-06-29-at-13.18.39-1-768x512.jpeg 768w\" sizes=\"(max-width: 1280px) 100vw, 1280px\" \/><\/figure>\n\n\n\n<figure class=\"wp-block-image size-large\"><img loading=\"lazy\" decoding=\"async\" width=\"1280\" height=\"853\" data-id=\"39073\" src=\"http:\/\/apub.org.br\/wp-content\/uploads\/2022\/06\/WhatsApp-Image-2022-06-29-at-13.18.39-2.jpeg\" alt=\"\" class=\"wp-image-39073\"\/><\/figure>\n\n\n\n<figure class=\"wp-block-image size-large\"><img loading=\"lazy\" decoding=\"async\" width=\"1280\" height=\"853\" data-id=\"39072\" src=\"http:\/\/apub.org.br\/wp-content\/uploads\/2022\/06\/WhatsApp-Image-2022-06-29-at-13.18.40-1.jpeg\" alt=\"\" class=\"wp-image-39072\" srcset=\"https:\/\/apub.org.br\/siteantigo\/wp-content\/uploads\/2022\/06\/WhatsApp-Image-2022-06-29-at-13.18.40-1.jpeg 1280w, https:\/\/apub.org.br\/siteantigo\/wp-content\/uploads\/2022\/06\/WhatsApp-Image-2022-06-29-at-13.18.40-1-300x200.jpeg 300w, https:\/\/apub.org.br\/siteantigo\/wp-content\/uploads\/2022\/06\/WhatsApp-Image-2022-06-29-at-13.18.40-1-1024x682.jpeg 1024w, https:\/\/apub.org.br\/siteantigo\/wp-content\/uploads\/2022\/06\/WhatsApp-Image-2022-06-29-at-13.18.40-1-768x512.jpeg 768w\" sizes=\"(max-width: 1280px) 100vw, 1280px\" \/><\/figure>\n\n\n\n<figure class=\"wp-block-image size-large\"><img loading=\"lazy\" decoding=\"async\" width=\"1280\" height=\"853\" data-id=\"39071\" src=\"http:\/\/apub.org.br\/wp-content\/uploads\/2022\/06\/WhatsApp-Image-2022-06-29-at-13.18.40-2.jpeg\" alt=\"\" class=\"wp-image-39071\" srcset=\"https:\/\/apub.org.br\/siteantigo\/wp-content\/uploads\/2022\/06\/WhatsApp-Image-2022-06-29-at-13.18.40-2.jpeg 1280w, https:\/\/apub.org.br\/siteantigo\/wp-content\/uploads\/2022\/06\/WhatsApp-Image-2022-06-29-at-13.18.40-2-300x200.jpeg 300w, https:\/\/apub.org.br\/siteantigo\/wp-content\/uploads\/2022\/06\/WhatsApp-Image-2022-06-29-at-13.18.40-2-1024x682.jpeg 1024w, https:\/\/apub.org.br\/siteantigo\/wp-content\/uploads\/2022\/06\/WhatsApp-Image-2022-06-29-at-13.18.40-2-768x512.jpeg 768w\" sizes=\"(max-width: 1280px) 100vw, 1280px\" \/><\/figure>\n\n\n\n<figure class=\"wp-block-image size-large\"><img loading=\"lazy\" decoding=\"async\" width=\"1280\" height=\"853\" data-id=\"39069\" src=\"http:\/\/apub.org.br\/wp-content\/uploads\/2022\/06\/WhatsApp-Image-2022-06-29-at-13.18.41-2.jpeg\" alt=\"\" class=\"wp-image-39069\" srcset=\"https:\/\/apub.org.br\/siteantigo\/wp-content\/uploads\/2022\/06\/WhatsApp-Image-2022-06-29-at-13.18.41-2.jpeg 1280w, https:\/\/apub.org.br\/siteantigo\/wp-content\/uploads\/2022\/06\/WhatsApp-Image-2022-06-29-at-13.18.41-2-300x200.jpeg 300w\" sizes=\"(max-width: 1280px) 100vw, 1280px\" \/><\/figure>\n\n\n\n<figure class=\"wp-block-image size-large\"><img loading=\"lazy\" decoding=\"async\" width=\"1280\" height=\"853\" data-id=\"39068\" src=\"http:\/\/apub.org.br\/wp-content\/uploads\/2022\/06\/WhatsApp-Image-2022-06-29-at-13.18.41-1.jpeg\" alt=\"\" class=\"wp-image-39068\" srcset=\"https:\/\/apub.org.br\/siteantigo\/wp-content\/uploads\/2022\/06\/WhatsApp-Image-2022-06-29-at-13.18.41-1.jpeg 1280w, https:\/\/apub.org.br\/siteantigo\/wp-content\/uploads\/2022\/06\/WhatsApp-Image-2022-06-29-at-13.18.41-1-300x200.jpeg 300w, https:\/\/apub.org.br\/siteantigo\/wp-content\/uploads\/2022\/06\/WhatsApp-Image-2022-06-29-at-13.18.41-1-1024x682.jpeg 1024w, https:\/\/apub.org.br\/siteantigo\/wp-content\/uploads\/2022\/06\/WhatsApp-Image-2022-06-29-at-13.18.41-1-768x512.jpeg 768w\" sizes=\"(max-width: 1280px) 100vw, 1280px\" \/><\/figure>\n\n\n\n<figure class=\"wp-block-image size-large\"><img loading=\"lazy\" decoding=\"async\" width=\"1280\" height=\"853\" data-id=\"39067\" src=\"http:\/\/apub.org.br\/wp-content\/uploads\/2022\/06\/WhatsApp-Image-2022-06-29-at-13.18.41.jpeg\" alt=\"\" class=\"wp-image-39067\" srcset=\"https:\/\/apub.org.br\/siteantigo\/wp-content\/uploads\/2022\/06\/WhatsApp-Image-2022-06-29-at-13.18.41.jpeg 1280w, https:\/\/apub.org.br\/siteantigo\/wp-content\/uploads\/2022\/06\/WhatsApp-Image-2022-06-29-at-13.18.41-300x200.jpeg 300w, https:\/\/apub.org.br\/siteantigo\/wp-content\/uploads\/2022\/06\/WhatsApp-Image-2022-06-29-at-13.18.41-1024x682.jpeg 1024w, https:\/\/apub.org.br\/siteantigo\/wp-content\/uploads\/2022\/06\/WhatsApp-Image-2022-06-29-at-13.18.41-768x512.jpeg 768w\" sizes=\"(max-width: 1280px) 100vw, 1280px\" \/><\/figure>\n\n\n\n<figure class=\"wp-block-image size-large\"><img loading=\"lazy\" decoding=\"async\" width=\"1280\" height=\"853\" data-id=\"39066\" src=\"http:\/\/apub.org.br\/wp-content\/uploads\/2022\/06\/WhatsApp-Image-2022-06-29-at-13.18.41-3.jpeg\" alt=\"\" class=\"wp-image-39066\" srcset=\"https:\/\/apub.org.br\/siteantigo\/wp-content\/uploads\/2022\/06\/WhatsApp-Image-2022-06-29-at-13.18.41-3.jpeg 1280w, https:\/\/apub.org.br\/siteantigo\/wp-content\/uploads\/2022\/06\/WhatsApp-Image-2022-06-29-at-13.18.41-3-300x200.jpeg 300w, https:\/\/apub.org.br\/siteantigo\/wp-content\/uploads\/2022\/06\/WhatsApp-Image-2022-06-29-at-13.18.41-3-1024x682.jpeg 1024w, https:\/\/apub.org.br\/siteantigo\/wp-content\/uploads\/2022\/06\/WhatsApp-Image-2022-06-29-at-13.18.41-3-768x512.jpeg 768w\" sizes=\"(max-width: 1280px) 100vw, 1280px\" \/><\/figure>\n\n\n\n<figure class=\"wp-block-image size-large\"><img decoding=\"async\" data-id=\"39058\" src=\"http:\/\/apub.org.br\/wp-content\/uploads\/2022\/06\/IMG_8217-1.jpg\" alt=\"\" class=\"wp-image-39058\"\/><\/figure>\n<\/figure>\n","protected":false},"excerpt":{"rendered":"<p>A decis\u00e3o foi tomada durante Assembleia Geral realizada na tarde desta ter\u00e7a-feira (28.). Em Assembleia Geral, realizada na tarde desta ter\u00e7a-feira (28), no Audit\u00f3rio A, do Pavilh\u00e3o de Aulas Reitor Felipe Serpa (PAF 1), docentes reafirmaram a manuten\u00e7\u00e3o do estado de mobiliza\u00e7\u00e3o permanente, em sintonia com a delibera\u00e7\u00e3o da Assembleia realizada no dia 22 de [&hellip;]<\/p>\n","protected":false},"author":2,"featured_media":39017,"comment_status":"closed","ping_status":"closed","sticky":false,"template":"","format":"standard","meta":{"footnotes":""},"categories":[146],"tags":[],"class_list":["post-39016","post","type-post","status-publish","format-standard","has-post-thumbnail","hentry","category-latest-news"],"_links":{"self":[{"href":"https:\/\/apub.org.br\/siteantigo\/wp-json\/wp\/v2\/posts\/39016","targetHints":{"allow":["GET"]}}],"collection":[{"href":"https:\/\/apub.org.br\/siteantigo\/wp-json\/wp\/v2\/posts"}],"about":[{"href":"https:\/\/apub.org.br\/siteantigo\/wp-json\/wp\/v2\/types\/post"}],"author":[{"embeddable":true,"href":"https:\/\/apub.org.br\/siteantigo\/wp-json\/wp\/v2\/users\/2"}],"replies":[{"embeddable":true,"href":"https:\/\/apub.org.br\/siteantigo\/wp-json\/wp\/v2\/comments?post=39016"}],"version-history":[{"count":17,"href":"https:\/\/apub.org.br\/siteantigo\/wp-json\/wp\/v2\/posts\/39016\/revisions"}],"predecessor-version":[{"id":39103,"href":"https:\/\/apub.org.br\/siteantigo\/wp-json\/wp\/v2\/posts\/39016\/revisions\/39103"}],"wp:featuredmedia":[{"embeddable":true,"href":"https:\/\/apub.org.br\/siteantigo\/wp-json\/wp\/v2\/media\/39017"}],"wp:attachment":[{"href":"https:\/\/apub.org.br\/siteantigo\/wp-json\/wp\/v2\/media?parent=39016"}],"wp:term":[{"taxonomy":"category","embeddable":true,"href":"https:\/\/apub.org.br\/siteantigo\/wp-json\/wp\/v2\/categories?post=39016"},{"taxonomy":"post_tag","embeddable":true,"href":"https:\/\/apub.org.br\/siteantigo\/wp-json\/wp\/v2\/tags?post=39016"}],"curies":[{"name":"wp","href":"https:\/\/api.w.org\/{rel}","templated":true}]}}