{"id":39104,"date":"2022-06-30T09:00:00","date_gmt":"2022-06-30T12:00:00","guid":{"rendered":"http:\/\/apub.org.br\/?p=39104"},"modified":"2022-06-29T17:45:19","modified_gmt":"2022-06-29T20:45:19","slug":"como-um-cancer-a-divida-publica-da-uniao-corroi-a-educacao-e-outros-setores","status":"publish","type":"post","link":"https:\/\/apub.org.br\/siteantigo\/como-um-cancer-a-divida-publica-da-uniao-corroi-a-educacao-e-outros-setores\/","title":{"rendered":"Como um c\u00e2ncer, a d\u00edvida p\u00fablica da Uni\u00e3o corr\u00f3i a educa\u00e7\u00e3o e outros setores"},"content":{"rendered":"\n<div class=\"wp-block-image\"><figure class=\"aligncenter size-large\"><img fetchpriority=\"high\" decoding=\"async\" width=\"1024\" height=\"512\" src=\"http:\/\/apub.org.br\/wp-content\/uploads\/2022\/06\/APUB-Como-um-cancer-a-divida-publica-da-Uniao-corroi-a-educacao-SITE-1024x512.jpg\" alt=\"\" class=\"wp-image-39110\" srcset=\"https:\/\/apub.org.br\/siteantigo\/wp-content\/uploads\/2022\/06\/APUB-Como-um-cancer-a-divida-publica-da-Uniao-corroi-a-educacao-SITE-1024x512.jpg 1024w, https:\/\/apub.org.br\/siteantigo\/wp-content\/uploads\/2022\/06\/APUB-Como-um-cancer-a-divida-publica-da-Uniao-corroi-a-educacao-SITE-300x150.jpg 300w, https:\/\/apub.org.br\/siteantigo\/wp-content\/uploads\/2022\/06\/APUB-Como-um-cancer-a-divida-publica-da-Uniao-corroi-a-educacao-SITE-768x384.jpg 768w, https:\/\/apub.org.br\/siteantigo\/wp-content\/uploads\/2022\/06\/APUB-Como-um-cancer-a-divida-publica-da-Uniao-corroi-a-educacao-SITE.jpg 1200w\" sizes=\"(max-width: 1024px) 100vw, 1024px\" \/><\/figure><\/div>\n\n\n\n<p class=\"justificado\">Enquanto a pandemia serve de \u201cbode expiat\u00f3rio\u201d para o Governo Federal justificar sua pol\u00edtica de destrui\u00e7\u00e3o dos servi\u00e7os p\u00fablicos e a redu\u00e7\u00e3o do or\u00e7amento destinado \u00e0 educa\u00e7\u00e3o e a outros setores essenciais, a d\u00edvida p\u00fablica da Uni\u00e3o, como um verdadeiro c\u00e2ncer, vem se alastrando e consumindo todo e qualquer recurso que encontra no caminho.<\/p>\n\n\n\n<p class=\"justificado\">De acordo com dados do Banco Central, as despesas com os juros aumentaram R$ 136 bilh\u00f5es em 2021.<\/p>\n\n\n\n<p class=\"justificado\">Tal situa\u00e7\u00e3o foi agravada com a disparada da infla\u00e7\u00e3o no ano passado e com o crescimento da taxa b\u00e1sica de juros para tentar cont\u00ea-la. Al\u00e9m de afetar o bolso de toda a popula\u00e7\u00e3o, esse cen\u00e1rio foi respons\u00e1vel pelo desvio de recursos de \u00e1reas fundamentais, como a sa\u00fade e a educa\u00e7\u00e3o, para dar conta da insaci\u00e1vel fome do sistema financeiro.<\/p>\n\n\n\n<p class=\"justificado\">Para se ter uma dimens\u00e3o do quanto \u00e9 grave esse quadro, as despesas totais com juros aumentaram, segundo o BC, de R$ 312,4 bilh\u00f5es em 2020 para R$ 448,3 bilh\u00f5es em 2021. Na pr\u00e1tica, esse valor \u00e9 superior ao total previsto em investimentos para in\u00fameras \u00e1reas essenciais.<\/p>\n\n\n\n<p class=\"justificado\">Esse valor supera, por exemplo, os gastos estimados com o Aux\u00edlio Brasil para este ano \u2013 aproximadamente R$ 89,1 bilh\u00f5es. Se o novo programa social da gest\u00e3o Jair Bolsonaro, visto como uma das ferramentas para aumentar a popularidade do presidente, que s\u00f3 pensa em sua reelei\u00e7\u00e3o (inclusive para escapar da pris\u00e3o), leva a pior na compara\u00e7\u00e3o, imagine nas outras \u00e1reas que j\u00e1 sofrem com o descaso e ataques constantes do chefe do Poder Executivo.<\/p>\n\n\n\n<p><strong>D\u00edvida nebulosa e fraudulenta<\/strong><\/p>\n\n\n\n<p class=\"justificado\">Obviamente, o crescimento da d\u00edvida p\u00fablica da Uni\u00e3o faz muito bem aos interesses de bancos e especuladores que, por meio desse endividamento sem controle e sem auditoria, s\u00e3o extremamente privilegiados.<\/p>\n\n\n\n<p class=\"justificado\">Enquanto o incentivo \u00e0 pesquisa segue \u00e0 deriva e as institui\u00e7\u00f5es de ensino superior federais lutam para continuar abertas, uma minoria se beneficia de recursos que deveriam ser destinados a essas \u00e1reas essenciais.<\/p>\n\n\n\n<p class=\"justificado\">A entidade Auditoria Cidad\u00e3 da D\u00edvida (ACD) apurou, que no or\u00e7amento executado pelo Governo Feederla em 2020, 39,08% foram utilizados apenas para o pagamento de juros e para a amortiza\u00e7\u00e3o do saldo devedor. A maior parte \u00e9 gasta com juros e com rolagem da d\u00edvida. Um absurdo!<\/p>\n\n\n\n<p class=\"justificado\">Para a entidade, \u00e9 primordial que seja feita uma auditoria da d\u00edvida brasileira para se combater os caminhos que levam a essa ciranda permissiva de gastos.<\/p>\n\n\n\n<p class=\"justificado\">Nem mesmo a Emenda Constitucional (EC) 106, do chamado \u201cor\u00e7amento de guerra\u201d, imp\u00f4s qualquer limite. Os bancos tiveram mais privil\u00e9gios (leia-se a libera\u00e7\u00e3o total do pagamento de juros, inclusive por meio da emiss\u00e3o de novos t\u00edtulos da d\u00edvida) e os gastos financeiros com a d\u00edvida p\u00fablica ficaram tamb\u00e9m sem qualquer tipo de controle.<\/p>\n\n\n\n<p class=\"justificado\">At\u00e9 quando uma minoria vai levar vantagem sobre toda a popula\u00e7\u00e3o? O pa\u00eds segue na UTI e essa fatura, cada vez mais amarga, pode se tornar impag\u00e1vel\u2026<\/p>\n\n\n\n<p>Fonte: APUB<\/p>\n","protected":false},"excerpt":{"rendered":"<p>Enquanto a pandemia serve de \u201cbode expiat\u00f3rio\u201d para o Governo Federal justificar sua pol\u00edtica de destrui\u00e7\u00e3o dos servi\u00e7os p\u00fablicos e a redu\u00e7\u00e3o do or\u00e7amento destinado \u00e0 educa\u00e7\u00e3o e a outros setores essenciais, a d\u00edvida p\u00fablica da Uni\u00e3o, como um verdadeiro c\u00e2ncer, vem se alastrando e consumindo todo e qualquer recurso que encontra no caminho. De [&hellip;]<\/p>\n","protected":false},"author":2,"featured_media":39114,"comment_status":"closed","ping_status":"closed","sticky":false,"template":"","format":"standard","meta":{"footnotes":""},"categories":[760,530,146],"tags":[],"class_list":["post-39104","post","type-post","status-publish","format-standard","has-post-thumbnail","hentry","category-comunicacao","category-destaques-1","category-latest-news"],"_links":{"self":[{"href":"https:\/\/apub.org.br\/siteantigo\/wp-json\/wp\/v2\/posts\/39104","targetHints":{"allow":["GET"]}}],"collection":[{"href":"https:\/\/apub.org.br\/siteantigo\/wp-json\/wp\/v2\/posts"}],"about":[{"href":"https:\/\/apub.org.br\/siteantigo\/wp-json\/wp\/v2\/types\/post"}],"author":[{"embeddable":true,"href":"https:\/\/apub.org.br\/siteantigo\/wp-json\/wp\/v2\/users\/2"}],"replies":[{"embeddable":true,"href":"https:\/\/apub.org.br\/siteantigo\/wp-json\/wp\/v2\/comments?post=39104"}],"version-history":[{"count":4,"href":"https:\/\/apub.org.br\/siteantigo\/wp-json\/wp\/v2\/posts\/39104\/revisions"}],"predecessor-version":[{"id":39113,"href":"https:\/\/apub.org.br\/siteantigo\/wp-json\/wp\/v2\/posts\/39104\/revisions\/39113"}],"wp:featuredmedia":[{"embeddable":true,"href":"https:\/\/apub.org.br\/siteantigo\/wp-json\/wp\/v2\/media\/39114"}],"wp:attachment":[{"href":"https:\/\/apub.org.br\/siteantigo\/wp-json\/wp\/v2\/media?parent=39104"}],"wp:term":[{"taxonomy":"category","embeddable":true,"href":"https:\/\/apub.org.br\/siteantigo\/wp-json\/wp\/v2\/categories?post=39104"},{"taxonomy":"post_tag","embeddable":true,"href":"https:\/\/apub.org.br\/siteantigo\/wp-json\/wp\/v2\/tags?post=39104"}],"curies":[{"name":"wp","href":"https:\/\/api.w.org\/{rel}","templated":true}]}}