{"id":39120,"date":"2022-06-30T16:23:24","date_gmt":"2022-06-30T19:23:24","guid":{"rendered":"http:\/\/apub.org.br\/?p=39120"},"modified":"2022-06-30T17:45:20","modified_gmt":"2022-06-30T20:45:20","slug":"fortalecer-as-mulheres-e-fortalecer-o-movimento-docente-2","status":"publish","type":"post","link":"https:\/\/apub.org.br\/siteantigo\/fortalecer-as-mulheres-e-fortalecer-o-movimento-docente-2\/","title":{"rendered":"Fortalecer as mulheres \u00e9 fortalecer o movimento docente"},"content":{"rendered":"\n<p>Na luta pol\u00edtica cotidiana, seja do movimento docente ou de qualquer outro grupo organizado detrabalhadores\/as, somos incessantemente provocados a refletir sobre nossas pr\u00e1ticas, motiva\u00e7\u00f5es, os princ\u00edpios que lhe s\u00e3o subjacentes, as rotas que tra\u00e7amos e que por vezes exigem ajuste. A conjuntura de extrema gravidade, em que a pr\u00f3pria democracia vem sendo amea\u00e7ada e as\/os trabalhadores\/as, expropriados de seus direitos, condi\u00e7\u00f5es de trabalho e at\u00e9 de sobreviv\u00eancia, torna ainda mais urgente a aten\u00e7\u00e3o a nossas a\u00e7\u00f5es e seus efeitos, individuais e coletivos. Isso \u00e9 ainda mais desafiador quando operamos a partir da diversidade, da alteridade, da diferen\u00e7a de posi\u00e7\u00f5es, quando a \u00fanica alternativa poss\u00edvel \u00e9 que da disson\u00e2ncia e conflito resulte a converg\u00eancia.<\/p>\n\n\n\n<p>No dia 28 de junho de 2022, \u00e0s 14h, ocorreu a Assembleia Geral Extraordin\u00e1ria de Docentes com pauta \u00fanica \u201cIndicativo de greve\u201d. Numa assembleia extraordin\u00e1ria \u00e9 feita discuss\u00e3o sobre a pauta e vota\u00e7\u00e3o de encaminhamento. Todas as pessoas t\u00eam direito a voz e voto e esta \u00e9 uma prerrogativa respeitada pela APUB, entendendo o seu importante papel de fomento \u00e0 ampla discuss\u00e3o e livre circula\u00e7\u00e3o de ideias. Abrimos o precedente para informes por considerar que havia informa\u00e7\u00f5es importantes para compartilhar. Durante a inscri\u00e7\u00e3o para os informes, um ru\u00eddo de comunica\u00e7\u00e3o entre a professora Sandra Marinho e a presid\u00eancia da mesa diretora transformou-se em discuss\u00e3o, com lament\u00e1vel excesso, um evento que se manifesta como sintoma do machismo estrutural que marca nossa hist\u00f3ria e nossas rela\u00e7\u00f5es cotidianas, um epis\u00f3dio que devemos enfrentar com firmeza. Essa situa\u00e7\u00e3o foi logo identificada e ao final da assembleia houve uma retrata\u00e7\u00e3o com pedido de desculpas ao vivo e com o compromisso de falar pessoalmente com a professora, que j\u00e1 n\u00e3o se encontrava no espa\u00e7o.<\/p>\n\n\n\n<p>No entanto, entendemos a necessidade de emitir esta nota e reiterar nosso pedido de desculpas \u00e0 professora Sandra, \u00e0s companheiras que comp\u00f5em a maioria da diretoria da APUB e a todas as mulheres que comp\u00f5em a base do nosso sindicato. Prof. Sandra, assim como as demais mulheres do movimento docente, sofreu com atitude machista, da mesma forma que mulheres que integram e integraram as gest\u00f5es da APUB sofreram com situa\u00e7\u00f5es similares com docentes que integram a oposi\u00e7\u00e3o. Compreendemos a partir disso que o enfrentamento ao machismo deve ser feito por todo movimento docente, seja a oposi\u00e7\u00e3o ou gest\u00f5es da APUB.<\/p>\n\n\n\n<p>Reconhecer o erro \u00e9 parte do nosso compromisso com o aprendizado constante e com a autocr\u00edtica necess\u00e1ria para o aprimoramento das nossas a\u00e7\u00f5es individuais e coletivas. \u00c9 importante lembrar que o eixo 1 do programa de nossa gest\u00e3o declara a defesa da educa\u00e7\u00e3o p\u00fablica, democr\u00e1tica, socialmente referenciada, popular, feminista e antirracista. Este epis\u00f3dio nos mostra a necessidade de priorizar a\u00e7\u00f5es sobre temas sociais urgentes, atravessados pelas interseccionalidades entre g\u00eanero, ra\u00e7a e classe.<\/p>\n\n\n\n<p>Mais do que reconhecer o erro, precisamos promover a\u00e7\u00f5es favor\u00e1veis \u00e0 discuss\u00e3o, reflex\u00e3o e transforma\u00e7\u00e3o de atitudes. A APUB se orgulha de sua hist\u00f3ria ao contar com in\u00fameras mulheres que assumiram a gest\u00e3o deste sindicato, muitas vezes em uma conjuntura adversa, e que souberam encarar os desafios. Mulheres que, no seu exerc\u00edcio de lideran\u00e7a, enfrentaram, cada uma a seu modo, em seu tempo e circunst\u00e2ncias, a viol\u00eancia, simb\u00f3lica e real, que marca nossa sociedade, em todos os seus extratos e atividades. O momento da conjuntura pol\u00edtica atual nos convoca \u00e0 uni\u00e3o de todos os segmentos democr\u00e1ticos e progressistas. O nosso inimigo \u00e9 o Governo Federal! Seguiremos firmes na luta que nos move, em defesa da educa\u00e7\u00e3o p\u00fablica como espa\u00e7o de emancipa\u00e7\u00e3o e liberdade.<\/p>\n\n\n\n<p><strong> A universidade p\u00fablica muda vidas e a sua defesa \u00e9 o que nos une!<\/strong><\/p>\n","protected":false},"excerpt":{"rendered":"<p>Na luta pol\u00edtica cotidiana, seja do movimento docente ou de qualquer outro grupo organizado detrabalhadores\/as, somos incessantemente provocados a refletir sobre nossas pr\u00e1ticas, motiva\u00e7\u00f5es, os princ\u00edpios que lhe s\u00e3o subjacentes, as rotas que tra\u00e7amos e que por vezes exigem ajuste. A conjuntura de extrema gravidade, em que a pr\u00f3pria democracia vem sendo amea\u00e7ada e as\/os [&hellip;]<\/p>\n","protected":false},"author":2,"featured_media":39117,"comment_status":"closed","ping_status":"closed","sticky":false,"template":"","format":"standard","meta":{"footnotes":""},"categories":[146],"tags":[],"class_list":["post-39120","post","type-post","status-publish","format-standard","has-post-thumbnail","hentry","category-latest-news"],"_links":{"self":[{"href":"https:\/\/apub.org.br\/siteantigo\/wp-json\/wp\/v2\/posts\/39120","targetHints":{"allow":["GET"]}}],"collection":[{"href":"https:\/\/apub.org.br\/siteantigo\/wp-json\/wp\/v2\/posts"}],"about":[{"href":"https:\/\/apub.org.br\/siteantigo\/wp-json\/wp\/v2\/types\/post"}],"author":[{"embeddable":true,"href":"https:\/\/apub.org.br\/siteantigo\/wp-json\/wp\/v2\/users\/2"}],"replies":[{"embeddable":true,"href":"https:\/\/apub.org.br\/siteantigo\/wp-json\/wp\/v2\/comments?post=39120"}],"version-history":[{"count":3,"href":"https:\/\/apub.org.br\/siteantigo\/wp-json\/wp\/v2\/posts\/39120\/revisions"}],"predecessor-version":[{"id":39124,"href":"https:\/\/apub.org.br\/siteantigo\/wp-json\/wp\/v2\/posts\/39120\/revisions\/39124"}],"wp:featuredmedia":[{"embeddable":true,"href":"https:\/\/apub.org.br\/siteantigo\/wp-json\/wp\/v2\/media\/39117"}],"wp:attachment":[{"href":"https:\/\/apub.org.br\/siteantigo\/wp-json\/wp\/v2\/media?parent=39120"}],"wp:term":[{"taxonomy":"category","embeddable":true,"href":"https:\/\/apub.org.br\/siteantigo\/wp-json\/wp\/v2\/categories?post=39120"},{"taxonomy":"post_tag","embeddable":true,"href":"https:\/\/apub.org.br\/siteantigo\/wp-json\/wp\/v2\/tags?post=39120"}],"curies":[{"name":"wp","href":"https:\/\/api.w.org\/{rel}","templated":true}]}}